{"id":6808,"date":"2026-01-22T15:32:27","date_gmt":"2026-01-22T14:32:27","guid":{"rendered":"http:\/\/www.lentic.ulg.ac.be\/?p=6808"},"modified":"2026-04-13T15:34:51","modified_gmt":"2026-04-13T13:34:51","slug":"recits-strategies-et-pratiques-de-mobilite-durable-en-entreprise-fonds-speciaux-credits-sectoriels-belgique-2026-2027","status":"publish","type":"post","link":"http:\/\/www.lentic.ulg.ac.be\/index.php\/2026\/01\/22\/recits-strategies-et-pratiques-de-mobilite-durable-en-entreprise-fonds-speciaux-credits-sectoriels-belgique-2026-2027\/","title":{"rendered":"R\u00e9cits, strat\u00e9gies et pratiques de mobilit\u00e9 durable en entreprise, Fonds sp\u00e9ciaux &#8211; cr\u00e9dits sectoriels, Belgique, 2026- 2027"},"content":{"rendered":"","protected":false},"excerpt":{"rendered":"","protected":false},"author":2,"featured_media":0,"comment_status":"closed","ping_status":"closed","sticky":false,"template":"","format":"standard","meta":{"footnotes":""},"categories":[3],"tags":[],"class_list":["post-6808","post","type-post","status-publish","format-standard","hentry","category-missions-en-cours"],"_links":{"self":[{"href":"http:\/\/www.lentic.ulg.ac.be\/index.php\/wp-json\/wp\/v2\/posts\/6808","targetHints":{"allow":["GET"]}}],"collection":[{"href":"http:\/\/www.lentic.ulg.ac.be\/index.php\/wp-json\/wp\/v2\/posts"}],"about":[{"href":"http:\/\/www.lentic.ulg.ac.be\/index.php\/wp-json\/wp\/v2\/types\/post"}],"author":[{"embeddable":true,"href":"http:\/\/www.lentic.ulg.ac.be\/index.php\/wp-json\/wp\/v2\/users\/2"}],"replies":[{"embeddable":true,"href":"http:\/\/www.lentic.ulg.ac.be\/index.php\/wp-json\/wp\/v2\/comments?post=6808"}],"version-history":[{"count":1,"href":"http:\/\/www.lentic.ulg.ac.be\/index.php\/wp-json\/wp\/v2\/posts\/6808\/revisions"}],"predecessor-version":[{"id":6809,"href":"http:\/\/www.lentic.ulg.ac.be\/index.php\/wp-json\/wp\/v2\/posts\/6808\/revisions\/6809"}],"wp:attachment":[{"href":"http:\/\/www.lentic.ulg.ac.be\/index.php\/wp-json\/wp\/v2\/media?parent=6808"}],"wp:term":[{"taxonomy":"category","embeddable":true,"href":"http:\/\/www.lentic.ulg.ac.be\/index.php\/wp-json\/wp\/v2\/categories?post=6808"},{"taxonomy":"post_tag","embeddable":true,"href":"http:\/\/www.lentic.ulg.ac.be\/index.php\/wp-json\/wp\/v2\/tags?post=6808"}],"curies":[{"name":"wp","href":"https:\/\/api.w.org\/{rel}","templated":true}]}}