{"id":6647,"date":"2025-11-18T16:09:01","date_gmt":"2025-11-18T15:09:01","guid":{"rendered":"http:\/\/www.lentic.ulg.ac.be\/?p=6647"},"modified":"2025-11-20T15:04:33","modified_gmt":"2025-11-20T14:04:33","slug":"atelier-transition-vers-lindustrie-4-0-comment-construire-le-changement-dans-les-pme-industrielles","status":"publish","type":"post","link":"http:\/\/www.lentic.ulg.ac.be\/index.php\/2025\/11\/18\/atelier-transition-vers-lindustrie-4-0-comment-construire-le-changement-dans-les-pme-industrielles\/","title":{"rendered":"Rencontre-Atelier 5 d\u00e9cembre 2025 : Transition vers l\u2019Industrie 4.0 : comment construire le changement dans les PME industrielles ?"},"content":{"rendered":"<div class=\"wp-block-image\">\n<figure class=\"alignleft size-full\"><img loading=\"lazy\" decoding=\"async\" width=\"303\" height=\"95\" src=\"http:\/\/www.lentic.ulg.ac.be\/wp-content\/uploads\/2025\/11\/image.png\" alt=\"\" class=\"wp-image-6666\" srcset=\"http:\/\/www.lentic.ulg.ac.be\/wp-content\/uploads\/2025\/11\/image.png 303w, http:\/\/www.lentic.ulg.ac.be\/wp-content\/uploads\/2025\/11\/image-300x94.png 300w\" sizes=\"auto, (max-width: 303px) 100vw, 303px\" \/><\/figure><\/div>\n\n\n<p><br>Nos coll\u00e8gues \u2014 <a href=\"https:\/\/www.linkedin.com\/in\/fran%C3%A7ois-pichault-89332b53\/\" target=\"_blank\" rel=\"noreferrer noopener\">Fran\u00e7ois Pichault<\/a>, <a href=\"https:\/\/www.linkedin.com\/in\/anastassiya-zabudkina\/\" target=\"_blank\" rel=\"noreferrer noopener\">Anastassiya Zabudkina<\/a> et <a href=\"https:\/\/www.linkedin.com\/in\/romina-gelardi-891899266\/\" target=\"_blank\" rel=\"noreferrer noopener\">Romina Gelardi<\/a> \u2014 proposeront un atelier construit \u00e0 partir de cas r\u00e9els et d\u2019exp\u00e9riences men\u00e9es aupr\u00e8s d\u2019entreprises industrielles wallonnes.<\/p>\n\n\n<div class=\"wp-block-image\">\n<figure class=\"alignright size-full is-resized\"><img loading=\"lazy\" decoding=\"async\" width=\"591\" height=\"295\" src=\"http:\/\/www.lentic.ulg.ac.be\/wp-content\/uploads\/2025\/11\/Industrie4.0.jpg\" alt=\"\" class=\"wp-image-6649\" style=\"width:465px;height:auto\" srcset=\"http:\/\/www.lentic.ulg.ac.be\/wp-content\/uploads\/2025\/11\/Industrie4.0.jpg 591w, http:\/\/www.lentic.ulg.ac.be\/wp-content\/uploads\/2025\/11\/Industrie4.0-300x150.jpg 300w\" sizes=\"auto, (max-width: 591px) 100vw, 591px\" \/><\/figure><\/div>\n\n\n<!--more-->\n\n\n\n<p><br><br>La transformation digitale d\u00e9passe l\u2019adoption d\u2019outils technologiques ou de processus automatis\u00e9s : c\u2019est avant tout un parcours de changement o\u00f9 les \ud835\udc1a\ud835\udc2c\ud835\udc29\ud835\udc1e\ud835\udc1c\ud835\udc2d\ud835\udc2c \ud835\udc21\ud835\udc2e\ud835\udc26\ud835\udc1a\ud835\udc22\ud835\udc27\ud835\udc2c \ud835\udc1e\ud835\udc2d \ud835\udc28\ud835\udc2b\ud835\udc20\ud835\udc1a\ud835\udc27\ud835\udc22\ud835\udc2c\ud835\udc1a\ud835\udc2d\ud835\udc22\ud835\udc28\ud835\udc27\ud835\udc27\ud835\udc1e\ud835\udc25\ud835\udc2c sont souvent sous-estim\u00e9s.<\/p>\n\n\n\n<p> \ud83c\udfaf Cet atelier interactif sera l\u2019occasion, pour les participant\u00b7es de travailler sur leur propre r\u00e9alit\u00e9 afin d\u2019identifier les ajustements organisationnels et les \u00e9volutions de comp\u00e9tences \u00e0 envisager, en tenant compte des sp\u00e9cificit\u00e9s et besoins de leurs entreprises<\/p>\n\n\n\n<p><\/p>\n\n\n\n<p><br><br><strong>INTERVENANT.ES<\/strong><br><strong>Fran\u00e7ois Pichault, <\/strong>Professeur \u00c9m\u00e9rite<br><strong>Anastassiya Zabudkina &amp; Romina Gelardi<\/strong> Chercheuses et Doctorantes <br>HEC Li\u00e8ge, LENTIC, ULi\u00e8ge<\/p>\n\n\n\n<p><br><strong>QUAND?<\/strong>\u00a0vendredi 5 d\u00e9cembre 2025 12h30-16h30<\/p>\n\n\n\n<p><strong>OU?<\/strong>&nbsp; RISE \u2013 LIEGE science park, Avenue Pr\u00e9 Aily 4 \u2013 4031 Angleur<\/p>\n\n\n\n<p><strong>PARTICIPATION<\/strong> (inscription obligatoire)<br>38\u20ac \/ 30\u20ac (\u00e9tudiants et personnel des universit\u00e9s et hautes \u00e9coles).<br>Lunch inclus<\/p>\n\n\n\n<p>Pr\u00e9sentation compl\u00e8te et\u00a0<strong>inscription<\/strong>\u00a0sur\u00a0<a href=\"https:\/\/www.liegecreative.be\/evenements\/atelier-transformation-digitale-comment-construire-le-changement-dans-les-entreprises\" target=\"_blank\" rel=\"noreferrer noopener\">Li\u00e8ge cr\u00e9ative<\/a><\/p>\n\n\n\n<p><\/p>\n","protected":false},"excerpt":{"rendered":"<p>Nos coll\u00e8gues \u2014 Fran\u00e7ois Pichault, Anastassiya Zabudkina et Romina Gelardi \u2014 proposeront un atelier construit \u00e0 partir de cas r\u00e9els et d\u2019exp\u00e9riences men\u00e9es aupr\u00e8s d\u2019entreprises industrielles wallonnes.<\/p>\n","protected":false},"author":2,"featured_media":5881,"comment_status":"closed","ping_status":"closed","sticky":false,"template":"","format":"standard","meta":{"footnotes":""},"categories":[5],"tags":[],"class_list":["post-6647","post","type-post","status-publish","format-standard","has-post-thumbnail","hentry","category-actualites"],"_links":{"self":[{"href":"http:\/\/www.lentic.ulg.ac.be\/index.php\/wp-json\/wp\/v2\/posts\/6647","targetHints":{"allow":["GET"]}}],"collection":[{"href":"http:\/\/www.lentic.ulg.ac.be\/index.php\/wp-json\/wp\/v2\/posts"}],"about":[{"href":"http:\/\/www.lentic.ulg.ac.be\/index.php\/wp-json\/wp\/v2\/types\/post"}],"author":[{"embeddable":true,"href":"http:\/\/www.lentic.ulg.ac.be\/index.php\/wp-json\/wp\/v2\/users\/2"}],"replies":[{"embeddable":true,"href":"http:\/\/www.lentic.ulg.ac.be\/index.php\/wp-json\/wp\/v2\/comments?post=6647"}],"version-history":[{"count":13,"href":"http:\/\/www.lentic.ulg.ac.be\/index.php\/wp-json\/wp\/v2\/posts\/6647\/revisions"}],"predecessor-version":[{"id":6668,"href":"http:\/\/www.lentic.ulg.ac.be\/index.php\/wp-json\/wp\/v2\/posts\/6647\/revisions\/6668"}],"wp:featuredmedia":[{"embeddable":true,"href":"http:\/\/www.lentic.ulg.ac.be\/index.php\/wp-json\/wp\/v2\/media\/5881"}],"wp:attachment":[{"href":"http:\/\/www.lentic.ulg.ac.be\/index.php\/wp-json\/wp\/v2\/media?parent=6647"}],"wp:term":[{"taxonomy":"category","embeddable":true,"href":"http:\/\/www.lentic.ulg.ac.be\/index.php\/wp-json\/wp\/v2\/categories?post=6647"},{"taxonomy":"post_tag","embeddable":true,"href":"http:\/\/www.lentic.ulg.ac.be\/index.php\/wp-json\/wp\/v2\/tags?post=6647"}],"curies":[{"name":"wp","href":"https:\/\/api.w.org\/{rel}","templated":true}]}}