{"id":6204,"date":"2024-11-06T11:39:24","date_gmt":"2024-11-06T10:39:24","guid":{"rendered":"http:\/\/www.lentic.ulg.ac.be\/?p=6204"},"modified":"2024-11-07T16:10:15","modified_gmt":"2024-11-07T15:10:15","slug":"colloque-agrh-et-reconnaissance","status":"publish","type":"post","link":"http:\/\/www.lentic.ulg.ac.be\/index.php\/2024\/11\/06\/colloque-agrh-et-reconnaissance\/","title":{"rendered":"Colloque AGRH 2024"},"content":{"rendered":"\n<h3 class=\"wp-block-heading has-text-align-center\">Du 23 au 25 octobre 2024 s&rsquo;est tenu le 35\u00e8me Congr\u00e8s de l\u2019AGRH\u00a0\u00e0 Barcelone.<br> Plusieurs de nos coll\u00e8gues y ont pr\u00e9sent\u00e9 une communication.<\/h3>\n\n\n\n<!--more-->\n\n\n\n<h4 class=\"wp-block-heading\"><strong><br>Donner sens aux changements organisationnels li\u00e9s au travail hybride&nbsp;: Le management de proximit\u00e9 \u00e0 l\u2019\u00e9preuve de la distance<\/strong><\/h4>\n\n\n\n<p><strong>Esther Bleys, Prof. Fran\u00e7ois Pichault et Prof. Gr\u00e9gory Jemine (Universit\u00e9 de Li\u00e8ge)<\/strong><\/p>\n\n\n<div class=\"wp-block-image\">\n<figure class=\"alignright size-large is-resized\"><img loading=\"lazy\" decoding=\"async\" width=\"1024\" height=\"576\" src=\"http:\/\/www.lentic.ulg.ac.be\/wp-content\/uploads\/2024\/11\/AGRH-2024-1024x576.jpg\" alt=\"\" class=\"wp-image-6226\" style=\"width:664px;height:auto\" srcset=\"http:\/\/www.lentic.ulg.ac.be\/wp-content\/uploads\/2024\/11\/AGRH-2024-1024x576.jpg 1024w, http:\/\/www.lentic.ulg.ac.be\/wp-content\/uploads\/2024\/11\/AGRH-2024-300x169.jpg 300w, http:\/\/www.lentic.ulg.ac.be\/wp-content\/uploads\/2024\/11\/AGRH-2024-768x432.jpg 768w, http:\/\/www.lentic.ulg.ac.be\/wp-content\/uploads\/2024\/11\/AGRH-2024.jpg 1280w\" sizes=\"auto, (max-width: 1024px) 100vw, 1024px\" \/><\/figure><\/div>\n\n\n<p><em>Cette recherche explore les d\u00e9fis pos\u00e9s aux managers de proximit\u00e9 par la distance physique induite par le travail hybride, ainsi que leur capacit\u00e9 \u00e0 int\u00e9grer les nouveaux imp\u00e9ratifs manag\u00e9riaux. Elle \u00e9tudie \u00e9galement les effets de la d\u00e9spatialisation sur les changements organisationnels et sur le r\u00f4le de\u00a0sensemaker\u00a0de ces managers. Les r\u00e9sultats montrent comment le travail hybride complexifie et intensifie les responsabilit\u00e9s de ces managers. Ils soulignent les d\u00e9fis li\u00e9s au manque de soutien, la clart\u00e9 des attentes, et l\u2019adaptation des pratiques manag\u00e9riales. Les managers sont suppos\u00e9s faire sens des changements malgr\u00e9 la d\u00e9spatialisation, mais la coh\u00e9rence insuffisante des ces changements complexifie ce processus, cr\u00e9ant des tensions sur le terrain, voire des conflits envers le r\u00f4le m\u00eame de manager de proximit\u00e9.<\/em><\/p>\n\n\n\n<h4 class=\"wp-block-heading\"><strong>Comment les organisations g\u00e8rent-elles les carri\u00e8res des talents externes ? Une \u00e9tude comparative des pratiques des entreprises australiennes et belges<\/strong><\/h4>\n\n\n\n<p><strong>Pr. Fr\u00e9d\u00e9ric Naedenoen (Universit\u00e9 de Li\u00e8ge)<\/strong>, Pr. Tui McKeown (Monash University),<strong> Pr. Fran\u00e7ois Pichault (Universit\u00e9 de Li\u00e8ge)<\/strong><\/p>\n\n\n\n<p><em>Cette \u00e9tude se penche sur la gestion de carri\u00e8re des travailleurs atypiques, en particulier les talents externes, au sein d&rsquo;entreprises australiennes et belges. La recherche examine l&rsquo;influence des contextes institutionnels nationaux sur les pratiques de gestion totale des talents (Total Talent Management, TTM) et leur impact potentiel sur les d\u00e9cisions de carri\u00e8re individuelles. Les r\u00e9sultats r\u00e9v\u00e8lent des diff\u00e9rences prononc\u00e9es entre les entreprises australiennes et belges, principalement en raison des cadres r\u00e9glementaires contrast\u00e9s inh\u00e9rents respectivement \u00e0 une \u00e9conomie de march\u00e9 libre et \u00e0 une \u00e9conomie de march\u00e9 coordonn\u00e9e.<\/em><\/p>\n\n\n\n<h4 class=\"wp-block-heading\"><br><br>Par ailleurs, le professeur Fran\u00e7ois Pichault (HEC Li\u00e8ge) y a re\u00e7u le<strong> Troph\u00e9e d&rsquo;honneur <\/strong>en reconnaissance de son engagement au sein de l&rsquo;AGRH au cours de sa carri\u00e8re.<\/h4>\n","protected":false},"excerpt":{"rendered":"<p>Du 23 au 25 octobre 2024 s&rsquo;est tenu le 35\u00e8me Congr\u00e8s de l\u2019AGRH\u00a0\u00e0 Barcelone. Plusieurs de nos coll\u00e8gues y ont pr\u00e9sent\u00e9 une communication.<\/p>\n","protected":false},"author":2,"featured_media":6205,"comment_status":"closed","ping_status":"closed","sticky":false,"template":"","format":"standard","meta":{"footnotes":""},"categories":[5],"tags":[],"class_list":["post-6204","post","type-post","status-publish","format-standard","has-post-thumbnail","hentry","category-actualites"],"_links":{"self":[{"href":"http:\/\/www.lentic.ulg.ac.be\/index.php\/wp-json\/wp\/v2\/posts\/6204","targetHints":{"allow":["GET"]}}],"collection":[{"href":"http:\/\/www.lentic.ulg.ac.be\/index.php\/wp-json\/wp\/v2\/posts"}],"about":[{"href":"http:\/\/www.lentic.ulg.ac.be\/index.php\/wp-json\/wp\/v2\/types\/post"}],"author":[{"embeddable":true,"href":"http:\/\/www.lentic.ulg.ac.be\/index.php\/wp-json\/wp\/v2\/users\/2"}],"replies":[{"embeddable":true,"href":"http:\/\/www.lentic.ulg.ac.be\/index.php\/wp-json\/wp\/v2\/comments?post=6204"}],"version-history":[{"count":21,"href":"http:\/\/www.lentic.ulg.ac.be\/index.php\/wp-json\/wp\/v2\/posts\/6204\/revisions"}],"predecessor-version":[{"id":6247,"href":"http:\/\/www.lentic.ulg.ac.be\/index.php\/wp-json\/wp\/v2\/posts\/6204\/revisions\/6247"}],"wp:featuredmedia":[{"embeddable":true,"href":"http:\/\/www.lentic.ulg.ac.be\/index.php\/wp-json\/wp\/v2\/media\/6205"}],"wp:attachment":[{"href":"http:\/\/www.lentic.ulg.ac.be\/index.php\/wp-json\/wp\/v2\/media?parent=6204"}],"wp:term":[{"taxonomy":"category","embeddable":true,"href":"http:\/\/www.lentic.ulg.ac.be\/index.php\/wp-json\/wp\/v2\/categories?post=6204"},{"taxonomy":"post_tag","embeddable":true,"href":"http:\/\/www.lentic.ulg.ac.be\/index.php\/wp-json\/wp\/v2\/tags?post=6204"}],"curies":[{"name":"wp","href":"https:\/\/api.w.org\/{rel}","templated":true}]}}