{"id":6186,"date":"2024-11-05T15:40:53","date_gmt":"2024-11-05T14:40:53","guid":{"rendered":"http:\/\/www.lentic.ulg.ac.be\/?p=6186"},"modified":"2024-11-07T09:38:26","modified_gmt":"2024-11-07T08:38:26","slug":"nouvelle-publication","status":"publish","type":"post","link":"http:\/\/www.lentic.ulg.ac.be\/index.php\/2024\/11\/05\/nouvelle-publication\/","title":{"rendered":"Nouvel ouvrage paru aux Editions Points."},"content":{"rendered":"\n<h6 class=\"wp-block-heading has-text-align-left\"><br> Un nouveau chapitre sur les pratiques de GRH \u00ab vertes\u00a0\u00bb.<br> De nouvelles sections sur la gestion de la diversit\u00e9 et sur l&rsquo;impact de la transformation digitale.<br> Une mise en \u00e9vidence des controverses contemporaines en GRH.<br> Fran\u00e7ois Pichault et Jean Nizet<\/h6>\n\n\n\n<!--more-->\n\n\n<div class=\"wp-block-image\">\n<figure class=\"alignright size-large is-resized\"><img loading=\"lazy\" decoding=\"async\" width=\"1024\" height=\"724\" src=\"http:\/\/www.lentic.ulg.ac.be\/wp-content\/uploads\/2024\/11\/Pratiques-de-GRH-Illustration-1-pdf-1024x724.jpg\" alt=\"\" class=\"wp-image-6201\" style=\"width:502px;height:auto\"\/><\/figure><\/div>\n\n\n<p><br><br><br>Ce livre ne constitue pas un nouveau manuel de GRH qui proposerait un inventaire de \u00ab&nbsp;bonnes pratiques&nbsp;\u00bb destin\u00e9es \u00e0 optimiser la performance de l&rsquo;entreprise.<\/p>\n\n\n\n<p>En se r\u00e9f\u00e9rant \u00e0 de nombreuses recherches et en s&rsquo;appuyant sur des \u00e9tudes de cas issues d&rsquo;un travail d&rsquo;intervention de plus de vingt-cinq ans, l&rsquo;ouvrage clarifie et ordonne les pratiques multiformes des organisations contemporaines. Il tente ensuite de les expliquer dans leur contexte sp\u00e9cifique et au travers des jeux de pouvoir qui se tissent entre les acteurs en pr\u00e9sence.<\/p>\n\n\n\n<p>Cette troisi\u00e8me \u00e9dition, significativement actualis\u00e9e, s&rsquo;adresse aux chercheurs, praticiens et consultants, ainsi qu&rsquo;aux \u00e9tudiants de 2<sup>e<\/sup> et 3<sup>e<\/sup> cycles en gestion, en \u00e9conomie, en sociologie et en sciences de la communication.<\/p>\n","protected":false},"excerpt":{"rendered":"<p>Un nouveau chapitre sur les pratiques de GRH \u00ab vertes\u00a0\u00bb. De nouvelles sections sur la gestion de la diversit\u00e9 et sur l&rsquo;impact de la transformation digitale. Une mise en \u00e9vidence des controverses contemporaines en GRH. Fran\u00e7ois Pichault et Jean Nizet<\/p>\n","protected":false},"author":2,"featured_media":6197,"comment_status":"closed","ping_status":"closed","sticky":false,"template":"","format":"standard","meta":{"footnotes":""},"categories":[5],"tags":[],"class_list":["post-6186","post","type-post","status-publish","format-standard","has-post-thumbnail","hentry","category-actualites"],"_links":{"self":[{"href":"http:\/\/www.lentic.ulg.ac.be\/index.php\/wp-json\/wp\/v2\/posts\/6186","targetHints":{"allow":["GET"]}}],"collection":[{"href":"http:\/\/www.lentic.ulg.ac.be\/index.php\/wp-json\/wp\/v2\/posts"}],"about":[{"href":"http:\/\/www.lentic.ulg.ac.be\/index.php\/wp-json\/wp\/v2\/types\/post"}],"author":[{"embeddable":true,"href":"http:\/\/www.lentic.ulg.ac.be\/index.php\/wp-json\/wp\/v2\/users\/2"}],"replies":[{"embeddable":true,"href":"http:\/\/www.lentic.ulg.ac.be\/index.php\/wp-json\/wp\/v2\/comments?post=6186"}],"version-history":[{"count":18,"href":"http:\/\/www.lentic.ulg.ac.be\/index.php\/wp-json\/wp\/v2\/posts\/6186\/revisions"}],"predecessor-version":[{"id":6224,"href":"http:\/\/www.lentic.ulg.ac.be\/index.php\/wp-json\/wp\/v2\/posts\/6186\/revisions\/6224"}],"wp:featuredmedia":[{"embeddable":true,"href":"http:\/\/www.lentic.ulg.ac.be\/index.php\/wp-json\/wp\/v2\/media\/6197"}],"wp:attachment":[{"href":"http:\/\/www.lentic.ulg.ac.be\/index.php\/wp-json\/wp\/v2\/media?parent=6186"}],"wp:term":[{"taxonomy":"category","embeddable":true,"href":"http:\/\/www.lentic.ulg.ac.be\/index.php\/wp-json\/wp\/v2\/categories?post=6186"},{"taxonomy":"post_tag","embeddable":true,"href":"http:\/\/www.lentic.ulg.ac.be\/index.php\/wp-json\/wp\/v2\/tags?post=6186"}],"curies":[{"name":"wp","href":"https:\/\/api.w.org\/{rel}","templated":true}]}}