{"id":6098,"date":"2024-09-17T15:29:04","date_gmt":"2024-09-17T13:29:04","guid":{"rendered":"http:\/\/www.lentic.ulg.ac.be\/?p=6098"},"modified":"2024-09-18T13:25:32","modified_gmt":"2024-09-18T11:25:32","slug":"retour-sur-la-journee-detude-du-13-septembre-2024","status":"publish","type":"post","link":"http:\/\/www.lentic.ulg.ac.be\/index.php\/2024\/09\/17\/retour-sur-la-journee-detude-du-13-septembre-2024\/","title":{"rendered":"Retour sur la Journ\u00e9e d&rsquo;Etude du 13 septembre 2024"},"content":{"rendered":"\n<p>Ce vendredi 13 septembre, une journ\u00e9e d&rsquo;Etude \u00a0\u00bb Repenser la GRH, le changement, et la technologie&nbsp;: pour une approche empirique et polyphonique\u00a0\u00bb s&rsquo;est tenue \u00e0 HEC Li\u00e8ge. <br>Mise \u00e0 l&rsquo;honneur pour le d\u00e9part \u00e0 la retraite de Fran\u00e7ois Pichault.<\/p>\n\n\n<div class=\"wp-block-image\">\n<figure class=\"alignright size-full is-resized\"><img loading=\"lazy\" decoding=\"async\" width=\"580\" height=\"380\" src=\"http:\/\/www.lentic.ulg.ac.be\/wp-content\/uploads\/2024\/09\/Ouverture-13sept.jpg\" alt=\"\" class=\"wp-image-6137\" style=\"width:467px;height:auto\" srcset=\"http:\/\/www.lentic.ulg.ac.be\/wp-content\/uploads\/2024\/09\/Ouverture-13sept.jpg 580w, http:\/\/www.lentic.ulg.ac.be\/wp-content\/uploads\/2024\/09\/Ouverture-13sept-300x197.jpg 300w\" sizes=\"auto, (max-width: 580px) 100vw, 580px\" \/><\/figure><\/div>\n\n\n<!--more-->\n\n\n\n<p><br><br>La journ\u00e9e a \u00e9t\u00e9 introduite par le Directeur G\u00e9n\u00e9ral et Doyen de HEC-Li\u00e8ge, le Prof. Wilfried Niessen et le Vice-Recteur \u00e0 l\u2019Enseignement et \u00e0 la Vie Etudiante de l\u2019Universit\u00e9 de Li\u00e8ge, le Prof. Fr\u00e9d\u00e9ric Schoenaers. <\/p>\n\n\n<div class=\"wp-block-image\">\n<figure class=\"alignleft size-large is-resized\"><img loading=\"lazy\" decoding=\"async\" width=\"1024\" height=\"768\" src=\"http:\/\/www.lentic.ulg.ac.be\/wp-content\/uploads\/2024\/09\/Audience_13sept-1024x768.jpg\" alt=\"\" class=\"wp-image-6103\" style=\"width:393px;height:auto\" srcset=\"http:\/\/www.lentic.ulg.ac.be\/wp-content\/uploads\/2024\/09\/Audience_13sept-1024x768.jpg 1024w, http:\/\/www.lentic.ulg.ac.be\/wp-content\/uploads\/2024\/09\/Audience_13sept-300x225.jpg 300w, http:\/\/www.lentic.ulg.ac.be\/wp-content\/uploads\/2024\/09\/Audience_13sept-768x576.jpg 768w, http:\/\/www.lentic.ulg.ac.be\/wp-content\/uploads\/2024\/09\/Audience_13sept-1536x1152.jpg 1536w, http:\/\/www.lentic.ulg.ac.be\/wp-content\/uploads\/2024\/09\/Audience_13sept-2048x1536.jpg 2048w\" sizes=\"auto, (max-width: 1024px) 100vw, 1024px\" \/><\/figure><\/div>\n\n\n<p>Tout au long de cet \u00e9v\u00e9nement riche en \u00e9changes. se sont succ\u00e9d\u00e9 des keynote speakers (Prof. Laurent Taskin &#8211; UCLouvain \u2013 Louvain School of Management, Prof.<strong> <\/strong>Dirk Buyens &#8211; Vlerick Business School et &nbsp;Prof. Peter Cappelli &#8211; Wharton School, University of Pennsylvania) et des sessions de travail en ateliers th\u00e9matiques, rassemblant chercheurs, professeurs et doctorants. <\/p>\n\n\n<div class=\"wp-block-image\">\n<figure class=\"aligncenter size-full\"><img loading=\"lazy\" decoding=\"async\" width=\"704\" height=\"351\" src=\"http:\/\/www.lentic.ulg.ac.be\/wp-content\/uploads\/2024\/09\/Keynotes_13sept.jpg\" alt=\"\" class=\"wp-image-6136\" srcset=\"http:\/\/www.lentic.ulg.ac.be\/wp-content\/uploads\/2024\/09\/Keynotes_13sept.jpg 704w, http:\/\/www.lentic.ulg.ac.be\/wp-content\/uploads\/2024\/09\/Keynotes_13sept-300x150.jpg 300w\" sizes=\"auto, (max-width: 704px) 100vw, 704px\" \/><\/figure><\/div>\n\n\n<p>Leur point commun? Tous pr\u00e9sentaient leurs travaux de recherche, s&rsquo;appuyant sur les multiples avanc\u00e9es th\u00e9oriques, concepts et publications que le Professeur Pichault a g\u00e9n\u00e9r\u00e9s tout au long de sa carri\u00e8re. <\/p>\n\n\n<div class=\"wp-block-image\">\n<figure class=\"aligncenter size-large is-resized\"><img loading=\"lazy\" decoding=\"async\" width=\"1024\" height=\"980\" src=\"http:\/\/www.lentic.ulg.ac.be\/wp-content\/uploads\/2024\/09\/Applaudissements-1024x980.jpg\" alt=\"\" class=\"wp-image-6144\" style=\"width:409px;height:auto\" srcset=\"http:\/\/www.lentic.ulg.ac.be\/wp-content\/uploads\/2024\/09\/Applaudissements-1024x980.jpg 1024w, http:\/\/www.lentic.ulg.ac.be\/wp-content\/uploads\/2024\/09\/Applaudissements-300x287.jpg 300w, http:\/\/www.lentic.ulg.ac.be\/wp-content\/uploads\/2024\/09\/Applaudissements-768x735.jpg 768w, http:\/\/www.lentic.ulg.ac.be\/wp-content\/uploads\/2024\/09\/Applaudissements-1536x1471.jpg 1536w, http:\/\/www.lentic.ulg.ac.be\/wp-content\/uploads\/2024\/09\/Applaudissements-2048x1961.jpg 2048w\" sizes=\"auto, (max-width: 1024px) 100vw, 1024px\" \/><\/figure><\/div>\n\n\n<p><br><br><br>Cette f\u00e9condit\u00e9 intellectuelle a \u00e9t\u00e9 sans nul doute une source d&rsquo;inspiration pour la communaut\u00e9 scientifique, ainsi qu&rsquo;en t\u00e9moigne cette journ\u00e9e d&rsquo;\u00e9tude. <br><br><\/p>\n\n\n<div class=\"wp-block-image\">\n<figure class=\"alignright size-full is-resized\"><img loading=\"lazy\" decoding=\"async\" width=\"817\" height=\"347\" src=\"http:\/\/www.lentic.ulg.ac.be\/wp-content\/uploads\/2024\/09\/Table-ronde_13sept_global-1.jpg\" alt=\"\" class=\"wp-image-6147\" style=\"width:483px;height:auto\" srcset=\"http:\/\/www.lentic.ulg.ac.be\/wp-content\/uploads\/2024\/09\/Table-ronde_13sept_global-1.jpg 817w, http:\/\/www.lentic.ulg.ac.be\/wp-content\/uploads\/2024\/09\/Table-ronde_13sept_global-1-300x127.jpg 300w, http:\/\/www.lentic.ulg.ac.be\/wp-content\/uploads\/2024\/09\/Table-ronde_13sept_global-1-768x326.jpg 768w\" sizes=\"auto, (max-width: 817px) 100vw, 817px\" \/><\/figure><\/div>\n\n\n<p><br>Nombre de participants ont \u00e9galement nou\u00e9 avec Fran\u00e7ois Pichault et le LENTIC des relations de collaboration, parfois de tr\u00e8s longue date. <\/p>\n\n\n\n<p>C&rsquo;est notamment le cas des invit\u00e9s de la table ronde de cl\u00f4ture (Philippe Bertin &#8211; Prayon), Christian Def\u00e9lix &#8211; Grenoble IAE, universit\u00e9 Grenoble Alpes., Brigitte Mestrez &#8211; Brunswick, Christine Thiran &#8211; RTBF), qui ont d\u00e9battu, sous l&rsquo;animation de notre coll\u00e8gue Fr\u00e9d\u00e9ric Naedenoen, des b\u00e9n\u00e9fices mutuels issus des relations entre le monde de la recherche et celui de l&rsquo;entreprise.<\/p>\n\n\n<div class=\"wp-block-image\">\n<figure class=\"alignleft size-full is-resized\"><img loading=\"lazy\" decoding=\"async\" width=\"579\" height=\"385\" src=\"http:\/\/www.lentic.ulg.ac.be\/wp-content\/uploads\/2024\/09\/Animation_13sept.jpg\" alt=\"\" class=\"wp-image-6151\" style=\"width:383px;height:auto\" srcset=\"http:\/\/www.lentic.ulg.ac.be\/wp-content\/uploads\/2024\/09\/Animation_13sept.jpg 579w, http:\/\/www.lentic.ulg.ac.be\/wp-content\/uploads\/2024\/09\/Animation_13sept-300x199.jpg 300w\" sizes=\"auto, (max-width: 579px) 100vw, 579px\" \/><\/figure><\/div>\n\n\n<p><br><br>Orchestration de tous ces moments assur\u00e9e par Giseline Rondeaux et Prof. Olivier Lisein<\/p>\n","protected":false},"excerpt":{"rendered":"<p>Ce vendredi 13 septembre, une journ\u00e9e d&rsquo;Etude \u00a0\u00bb Repenser la GRH, le changement, et la technologie&nbsp;: pour une approche empirique et polyphonique\u00a0\u00bb s&rsquo;est tenue \u00e0 HEC Li\u00e8ge. Mise \u00e0 l&rsquo;honneur pour le d\u00e9part \u00e0 la retraite de Fran\u00e7ois Pichault.<\/p>\n","protected":false},"author":2,"featured_media":6099,"comment_status":"closed","ping_status":"closed","sticky":false,"template":"","format":"standard","meta":{"footnotes":""},"categories":[5],"tags":[],"class_list":["post-6098","post","type-post","status-publish","format-standard","has-post-thumbnail","hentry","category-actualites"],"_links":{"self":[{"href":"http:\/\/www.lentic.ulg.ac.be\/index.php\/wp-json\/wp\/v2\/posts\/6098","targetHints":{"allow":["GET"]}}],"collection":[{"href":"http:\/\/www.lentic.ulg.ac.be\/index.php\/wp-json\/wp\/v2\/posts"}],"about":[{"href":"http:\/\/www.lentic.ulg.ac.be\/index.php\/wp-json\/wp\/v2\/types\/post"}],"author":[{"embeddable":true,"href":"http:\/\/www.lentic.ulg.ac.be\/index.php\/wp-json\/wp\/v2\/users\/2"}],"replies":[{"embeddable":true,"href":"http:\/\/www.lentic.ulg.ac.be\/index.php\/wp-json\/wp\/v2\/comments?post=6098"}],"version-history":[{"count":33,"href":"http:\/\/www.lentic.ulg.ac.be\/index.php\/wp-json\/wp\/v2\/posts\/6098\/revisions"}],"predecessor-version":[{"id":6155,"href":"http:\/\/www.lentic.ulg.ac.be\/index.php\/wp-json\/wp\/v2\/posts\/6098\/revisions\/6155"}],"wp:featuredmedia":[{"embeddable":true,"href":"http:\/\/www.lentic.ulg.ac.be\/index.php\/wp-json\/wp\/v2\/media\/6099"}],"wp:attachment":[{"href":"http:\/\/www.lentic.ulg.ac.be\/index.php\/wp-json\/wp\/v2\/media?parent=6098"}],"wp:term":[{"taxonomy":"category","embeddable":true,"href":"http:\/\/www.lentic.ulg.ac.be\/index.php\/wp-json\/wp\/v2\/categories?post=6098"},{"taxonomy":"post_tag","embeddable":true,"href":"http:\/\/www.lentic.ulg.ac.be\/index.php\/wp-json\/wp\/v2\/tags?post=6098"}],"curies":[{"name":"wp","href":"https:\/\/api.w.org\/{rel}","templated":true}]}}