{"id":6096,"date":"2024-10-09T14:18:08","date_gmt":"2024-10-09T12:18:08","guid":{"rendered":"http:\/\/www.lentic.ulg.ac.be\/?p=6096"},"modified":"2024-10-09T14:25:30","modified_gmt":"2024-10-09T12:25:30","slug":"lequipe-du-lentic-sagrandit-2","status":"publish","type":"post","link":"http:\/\/www.lentic.ulg.ac.be\/index.php\/2024\/10\/09\/lequipe-du-lentic-sagrandit-2\/","title":{"rendered":"L&rsquo;\u00e9quipe du LENTIC s&rsquo;agrandit"},"content":{"rendered":"\n<p>Ce d\u00e9but d\u2019ann\u00e9e acad\u00e9mique 2024-2025 a vu l\u2019\u00e9quipe du\u00a0LENTIC\u00a0accueillir 2 nouvelles coll\u00e8gues: Jane et Romina<\/p>\n\n\n\n<!--more-->\n\n\n<div class=\"wp-block-image\">\n<figure class=\"alignleft size-full is-resized\"><img loading=\"lazy\" decoding=\"async\" width=\"591\" height=\"565\" src=\"http:\/\/www.lentic.ulg.ac.be\/wp-content\/uploads\/2017\/10\/JKaissoun_petit.jpg\" alt=\"\" class=\"wp-image-6095\" style=\"width:196px;height:auto\" srcset=\"http:\/\/www.lentic.ulg.ac.be\/wp-content\/uploads\/2017\/10\/JKaissoun_petit.jpg 591w, http:\/\/www.lentic.ulg.ac.be\/wp-content\/uploads\/2017\/10\/JKaissoun_petit-300x287.jpg 300w\" sizes=\"auto, (max-width: 591px) 100vw, 591px\" \/><\/figure><\/div>\n\n\n<p><br><br>Jane est titulaire d&rsquo;un master en Psychologie Sociale, du Travail et des Organisations (ULi\u00e8ge).<br>Apr\u00e8s avoir travaill\u00e9 comme recruteuse et responsable des ressources humaines en PME, elle rejoint l&rsquo;\u00e9quipe du LENTIC en septembre 2024 en tant que candidate doctorante.<br>Sa th\u00e8se, sous la supervision du Professeur G. Jemine, porte sur les identit\u00e9s organisationnelles, d&rsquo;\u00e9quipe et professionnelles ainsi que sur le travail strat\u00e9gique dans un contexte de New Ways of Working.<br><br><\/p>\n\n\n<div class=\"wp-block-image\">\n<figure class=\"alignright size-large is-resized\"><img loading=\"lazy\" decoding=\"async\" width=\"1013\" height=\"1024\" src=\"http:\/\/www.lentic.ulg.ac.be\/wp-content\/uploads\/2017\/10\/Romina-Gelardi_small-1013x1024.jpg\" alt=\"\" class=\"wp-image-6156\" style=\"width:197px;height:auto\" srcset=\"http:\/\/www.lentic.ulg.ac.be\/wp-content\/uploads\/2017\/10\/Romina-Gelardi_small-1013x1024.jpg 1013w, http:\/\/www.lentic.ulg.ac.be\/wp-content\/uploads\/2017\/10\/Romina-Gelardi_small-297x300.jpg 297w, http:\/\/www.lentic.ulg.ac.be\/wp-content\/uploads\/2017\/10\/Romina-Gelardi_small-768x776.jpg 768w, http:\/\/www.lentic.ulg.ac.be\/wp-content\/uploads\/2017\/10\/Romina-Gelardi_small-1520x1536.jpg 1520w, http:\/\/www.lentic.ulg.ac.be\/wp-content\/uploads\/2017\/10\/Romina-Gelardi_small-2026x2048.jpg 2026w\" sizes=\"auto, (max-width: 1013px) 100vw, 1013px\" \/><\/figure><\/div>\n\n\n<p><br><br>Romina Gelardi est titulaire d&rsquo;un Master en Sciences de Gestion, \u00e0 orientation \u00ab Intrapreneurship and Management of Innovation Projects \u00bb (HEC Li\u00e8ge). Elle est assistante d&rsquo;enseignement et de recherche \u00e0 HEC Li\u00e8ge, o\u00f9 elle assure plusieurs missions d&rsquo;encadrements d&rsquo;\u00e9tudiants pour des cours en Change Management, Management de l&rsquo;Innovation, Audits strat\u00e9gique et organisationnels, D\u00e9veloppement et Mise en \u0152uvre de projets d&rsquo;innovation.<br>Elle est \u00e9galement Charg\u00e9e de recherche au LENTIC. Elle entame par ailleurs une th\u00e8se de doctorat sur les questions d&rsquo;Intrapreneurship et de Corporate Entrepreneurship.<\/p>\n\n\n\n<p><br>Bienvenues dans l\u2019\u00e9quipe!<\/p>\n","protected":false},"excerpt":{"rendered":"<p>Ce d\u00e9but d\u2019ann\u00e9e acad\u00e9mique 2024-2025 a vu l\u2019\u00e9quipe du\u00a0LENTIC\u00a0accueillir 2 nouvelles coll\u00e8gues: Jane et Romina<\/p>\n","protected":false},"author":2,"featured_media":5570,"comment_status":"closed","ping_status":"closed","sticky":false,"template":"","format":"standard","meta":{"footnotes":""},"categories":[5],"tags":[],"class_list":["post-6096","post","type-post","status-publish","format-standard","has-post-thumbnail","hentry","category-actualites"],"_links":{"self":[{"href":"http:\/\/www.lentic.ulg.ac.be\/index.php\/wp-json\/wp\/v2\/posts\/6096","targetHints":{"allow":["GET"]}}],"collection":[{"href":"http:\/\/www.lentic.ulg.ac.be\/index.php\/wp-json\/wp\/v2\/posts"}],"about":[{"href":"http:\/\/www.lentic.ulg.ac.be\/index.php\/wp-json\/wp\/v2\/types\/post"}],"author":[{"embeddable":true,"href":"http:\/\/www.lentic.ulg.ac.be\/index.php\/wp-json\/wp\/v2\/users\/2"}],"replies":[{"embeddable":true,"href":"http:\/\/www.lentic.ulg.ac.be\/index.php\/wp-json\/wp\/v2\/comments?post=6096"}],"version-history":[{"count":8,"href":"http:\/\/www.lentic.ulg.ac.be\/index.php\/wp-json\/wp\/v2\/posts\/6096\/revisions"}],"predecessor-version":[{"id":6168,"href":"http:\/\/www.lentic.ulg.ac.be\/index.php\/wp-json\/wp\/v2\/posts\/6096\/revisions\/6168"}],"wp:featuredmedia":[{"embeddable":true,"href":"http:\/\/www.lentic.ulg.ac.be\/index.php\/wp-json\/wp\/v2\/media\/5570"}],"wp:attachment":[{"href":"http:\/\/www.lentic.ulg.ac.be\/index.php\/wp-json\/wp\/v2\/media?parent=6096"}],"wp:term":[{"taxonomy":"category","embeddable":true,"href":"http:\/\/www.lentic.ulg.ac.be\/index.php\/wp-json\/wp\/v2\/categories?post=6096"},{"taxonomy":"post_tag","embeddable":true,"href":"http:\/\/www.lentic.ulg.ac.be\/index.php\/wp-json\/wp\/v2\/tags?post=6096"}],"curies":[{"name":"wp","href":"https:\/\/api.w.org\/{rel}","templated":true}]}}