{"id":6078,"date":"2024-09-04T16:44:59","date_gmt":"2024-09-04T14:44:59","guid":{"rendered":"http:\/\/www.lentic.ulg.ac.be\/?p=6078"},"modified":"2024-09-04T16:58:57","modified_gmt":"2024-09-04T14:58:57","slug":"evenement-infopole-cluster-tic","status":"publish","type":"post","link":"http:\/\/www.lentic.ulg.ac.be\/index.php\/2024\/09\/04\/evenement-infopole-cluster-tic\/","title":{"rendered":"Ev\u00e9nement Infop\u00f4le Cluster TIC &#8211; 5 septembre 2024"},"content":{"rendered":"\n<h2 class=\"wp-block-heading has-text-align-center\"><strong>Explorez le potentiel de l&rsquo;IA pour renforcer votre marque employeur<\/strong>.<\/h2>\n\n\n\n<h4 class=\"wp-block-heading\"><br>Notre coll\u00e8gue Giseline Rondeaux fait partie du panel des 4 experts <br><\/h4>\n\n\n<div class=\"wp-block-image\">\n<figure class=\"alignright size-large is-resized\"><a href=\"https:\/\/event.interfone.be\/InnovTalks#\/\" target=\"_blank\" rel=\"noreferrer noopener\"><img loading=\"lazy\" decoding=\"async\" width=\"878\" height=\"1024\" src=\"http:\/\/www.lentic.ulg.ac.be\/wp-content\/uploads\/2024\/09\/Interfone-Innovtalks-1-878x1024.png\" alt=\"\" class=\"wp-image-6082\" style=\"width:438px;height:auto\" srcset=\"http:\/\/www.lentic.ulg.ac.be\/wp-content\/uploads\/2024\/09\/Interfone-Innovtalks-1-878x1024.png 878w, http:\/\/www.lentic.ulg.ac.be\/wp-content\/uploads\/2024\/09\/Interfone-Innovtalks-1-257x300.png 257w, http:\/\/www.lentic.ulg.ac.be\/wp-content\/uploads\/2024\/09\/Interfone-Innovtalks-1-768x896.png 768w, http:\/\/www.lentic.ulg.ac.be\/wp-content\/uploads\/2024\/09\/Interfone-Innovtalks-1.png 1200w\" sizes=\"auto, (max-width: 878px) 100vw, 878px\" \/><\/a><\/figure><\/div>\n\n\n<!--more-->\n\n\n\n<p>Ev\u00e8nement exclusif regroupant plus de 150 dirigeants d&rsquo;entreprises wallonnes dans le cadre du Domaine de Lonz\u00e9e.<\/p>\n\n\n\n<p><strong>Date<\/strong> : <br>Jeudi 5 septembre 2024, 18h<\/p>\n\n\n\n<p><a href=\"https:\/\/event.interfone.be\/InnovTalks#\/\" target=\"_blank\" rel=\"noreferrer noopener\">Inscriptions<\/a><\/p>\n\n\n\n<p><strong>Adresse<\/strong><br>Domaine de Lonz\u00e9e<br>Chauss\u00e9e de Namur 228, Gembloux, Gembloux, R\u00e9gion Wallonne &#8211; 5030<\/p>\n","protected":false},"excerpt":{"rendered":"<p>Explorez le potentiel de l&rsquo;IA pour renforcer votre marque employeur. Notre coll\u00e8gue Giseline Rondeaux fait partie du panel des 4 experts<\/p>\n","protected":false},"author":2,"featured_media":6079,"comment_status":"closed","ping_status":"closed","sticky":false,"template":"","format":"standard","meta":{"footnotes":""},"categories":[5],"tags":[],"class_list":["post-6078","post","type-post","status-publish","format-standard","has-post-thumbnail","hentry","category-actualites"],"_links":{"self":[{"href":"http:\/\/www.lentic.ulg.ac.be\/index.php\/wp-json\/wp\/v2\/posts\/6078","targetHints":{"allow":["GET"]}}],"collection":[{"href":"http:\/\/www.lentic.ulg.ac.be\/index.php\/wp-json\/wp\/v2\/posts"}],"about":[{"href":"http:\/\/www.lentic.ulg.ac.be\/index.php\/wp-json\/wp\/v2\/types\/post"}],"author":[{"embeddable":true,"href":"http:\/\/www.lentic.ulg.ac.be\/index.php\/wp-json\/wp\/v2\/users\/2"}],"replies":[{"embeddable":true,"href":"http:\/\/www.lentic.ulg.ac.be\/index.php\/wp-json\/wp\/v2\/comments?post=6078"}],"version-history":[{"count":9,"href":"http:\/\/www.lentic.ulg.ac.be\/index.php\/wp-json\/wp\/v2\/posts\/6078\/revisions"}],"predecessor-version":[{"id":6092,"href":"http:\/\/www.lentic.ulg.ac.be\/index.php\/wp-json\/wp\/v2\/posts\/6078\/revisions\/6092"}],"wp:featuredmedia":[{"embeddable":true,"href":"http:\/\/www.lentic.ulg.ac.be\/index.php\/wp-json\/wp\/v2\/media\/6079"}],"wp:attachment":[{"href":"http:\/\/www.lentic.ulg.ac.be\/index.php\/wp-json\/wp\/v2\/media?parent=6078"}],"wp:term":[{"taxonomy":"category","embeddable":true,"href":"http:\/\/www.lentic.ulg.ac.be\/index.php\/wp-json\/wp\/v2\/categories?post=6078"},{"taxonomy":"post_tag","embeddable":true,"href":"http:\/\/www.lentic.ulg.ac.be\/index.php\/wp-json\/wp\/v2\/tags?post=6078"}],"curies":[{"name":"wp","href":"https:\/\/api.w.org\/{rel}","templated":true}]}}