{"id":5760,"date":"2024-03-06T13:55:54","date_gmt":"2024-03-06T12:55:54","guid":{"rendered":"http:\/\/www.lentic.ulg.ac.be\/?p=5760"},"modified":"2024-03-06T13:55:55","modified_gmt":"2024-03-06T12:55:55","slug":"enjeux-strategiques-et-identitaires-des-reorganisations-des-espaces-de-travail-a-lere-post-covid-pdr-f-r-s-fnrs-belgique-2024-2027","status":"publish","type":"post","link":"http:\/\/www.lentic.ulg.ac.be\/index.php\/2024\/03\/06\/enjeux-strategiques-et-identitaires-des-reorganisations-des-espaces-de-travail-a-lere-post-covid-pdr-f-r-s-fnrs-belgique-2024-2027\/","title":{"rendered":"Enjeux strat\u00e9giques et identitaires des r\u00e9organisations des espaces de travail \u00e0 l&rsquo;\u00e8re post-Covid, PDR F.R.S.-FNRS, Belgique, 2024-2027"},"content":{"rendered":"\n<p>Ce projet vise \u00e0 \u00e9tudier la mani\u00e8re dont organisations publiques et priv\u00e9es \u00e9laborent de nouvelles strat\u00e9gies d\u2019organisation et de r\u00e9organisation de leurs espaces de travail. <\/p>\n\n\n\n<!--more-->\n\n\n\n<p>Le projet questionne \u00e0 la fois la capacit\u00e9 d\u2019organisations pionni\u00e8res en la mati\u00e8re \u00e0 faire survivre leurs espaces de travail dit \u00ab innovants \u00bb (bureaux ouverts, partag\u00e9s, \u00ab activity-based \u00bb, etc.) en contexte de crise et post-crise, ainsi que l\u2019\u00e9mergence de nouvelles strat\u00e9gies d\u2019organisation de l\u2019espace. <\/p>\n\n\n\n<p>Le projet propose d&rsquo;\u00e9tudier les espaces de travail 1) comme un objet strat\u00e9gique dont peuvent se saisir les managers pour l\u00e9gitimer leurs ambitions de \u00ab\u00a0modernisation\u00a0\u00bb; 2) comme un terrain propice \u00e0 la red\u00e9finition des identit\u00e9s organisationnelles, collectives et professionnelles. Ce faisant, le projet ambitionne de mettre \u00e0 jour la mani\u00e8re dont les strat\u00e9gies organisationnelles incorporent l\u2019espace de travail, et les transformations identitaires qui en d\u00e9coulent.<\/p>\n\n\n\n<p>Le projet de recherche est men\u00e9 au sein d\u2019un consortium belgo-suisse, compos\u00e9 <\/p>\n\n\n\n<ul class=\"wp-block-list\"><li>LENTIC HEC-Li\u00e8ge, Belgique<\/li><li>Universit\u00e9 de Fribourg, Suisse<\/li><li>EHL Business School, Suisse<\/li><\/ul>\n","protected":false},"excerpt":{"rendered":"<p>Ce projet vise \u00e0 \u00e9tudier la mani\u00e8re dont organisations publiques et priv\u00e9es \u00e9laborent de nouvelles strat\u00e9gies d\u2019organisation et de r\u00e9organisation de leurs espaces de travail.<\/p>\n","protected":false},"author":2,"featured_media":0,"comment_status":"closed","ping_status":"closed","sticky":false,"template":"","format":"standard","meta":{"footnotes":""},"categories":[3],"tags":[],"class_list":["post-5760","post","type-post","status-publish","format-standard","hentry","category-missions-en-cours"],"_links":{"self":[{"href":"http:\/\/www.lentic.ulg.ac.be\/index.php\/wp-json\/wp\/v2\/posts\/5760","targetHints":{"allow":["GET"]}}],"collection":[{"href":"http:\/\/www.lentic.ulg.ac.be\/index.php\/wp-json\/wp\/v2\/posts"}],"about":[{"href":"http:\/\/www.lentic.ulg.ac.be\/index.php\/wp-json\/wp\/v2\/types\/post"}],"author":[{"embeddable":true,"href":"http:\/\/www.lentic.ulg.ac.be\/index.php\/wp-json\/wp\/v2\/users\/2"}],"replies":[{"embeddable":true,"href":"http:\/\/www.lentic.ulg.ac.be\/index.php\/wp-json\/wp\/v2\/comments?post=5760"}],"version-history":[{"count":1,"href":"http:\/\/www.lentic.ulg.ac.be\/index.php\/wp-json\/wp\/v2\/posts\/5760\/revisions"}],"predecessor-version":[{"id":5761,"href":"http:\/\/www.lentic.ulg.ac.be\/index.php\/wp-json\/wp\/v2\/posts\/5760\/revisions\/5761"}],"wp:attachment":[{"href":"http:\/\/www.lentic.ulg.ac.be\/index.php\/wp-json\/wp\/v2\/media?parent=5760"}],"wp:term":[{"taxonomy":"category","embeddable":true,"href":"http:\/\/www.lentic.ulg.ac.be\/index.php\/wp-json\/wp\/v2\/categories?post=5760"},{"taxonomy":"post_tag","embeddable":true,"href":"http:\/\/www.lentic.ulg.ac.be\/index.php\/wp-json\/wp\/v2\/tags?post=5760"}],"curies":[{"name":"wp","href":"https:\/\/api.w.org\/{rel}","templated":true}]}}