{"id":5220,"date":"2022-07-20T13:49:06","date_gmt":"2022-07-20T11:49:06","guid":{"rendered":"http:\/\/www.lentic.ulg.ac.be\/?p=5220"},"modified":"2024-07-25T10:32:41","modified_gmt":"2024-07-25T08:32:41","slug":"la-concertation-sociale-un-laboratoire-pour-etudier-lexperimentation-institutionnelle-fnrs-pdr-belgique-2022-2026","status":"publish","type":"post","link":"http:\/\/www.lentic.ulg.ac.be\/index.php\/2022\/07\/20\/la-concertation-sociale-un-laboratoire-pour-etudier-lexperimentation-institutionnelle-fnrs-pdr-belgique-2022-2026\/","title":{"rendered":"La concertation sociale, un laboratoire pour \u00e9tudier l&rsquo;exp\u00e9rimentation institutionnelle, PDR F.R.S.-FNRS, Belgique, 2022-2025"},"content":{"rendered":"\n<p>Etablissant collectivement des normes et des r\u00e8gles qui organisent les relations d\u2019emploi, la concertation sociale, avec ses acteurs et ses instances, joue un r\u00f4le en tant qu\u2019institution du march\u00e9 du travail.<\/p>\n\n\n\n<!--more-->\n\n\n\n<p>En tant que telle, toutefois, la concertation sociale se trouve actuellement confront\u00e9e \u00e0 de multiples d\u00e9fis ou mises en cause. Se pose d\u00e8s lors une question majeure sur sa transformation \u00e9ventuelle et, \u00e0 partir de l\u00e0, sur l&rsquo;exp\u00e9rimentation institutionnelle dans ce domaine. Ce projet pluri-universitaire, men\u00e9 en partenariat entre l\u2019UCLouvain et l\u2019ULi\u00e8ge, poursuit trois objectifs.<\/p>\n\n\n\n<ul class=\"wp-block-list\"><li>Premi\u00e8rement, il vise \u00e0 identifier et analyser les transformations actuelles \u00e0 l\u2019oeuvre dans les institutions de la concertation sociale, dans un contexte marqu\u00e9 par la quadruple crise en cours \u2013 crise sanitaire du COVID-19, crise politique, crise \u00e9conomique et crise climatique.<\/li><li>Deuxi\u00e8mement, il entend cerner la capacit\u00e9 qu\u2019ont les institutions de la concertation sociale \u00e0 r\u00e9guler les formes \u00e9mergentes de travail et d\u2019emploi dans une \u00e9conomie internationalis\u00e9e et dans un contexte de mise en cause des institutions traditionnelles.<\/li><li>Troisi\u00e8mement, sur le plan fondamental, il souhaite contribuer aux r\u00e9cents d\u00e9veloppements th\u00e9oriques, issus des sciences politiques et de la sociologie, portant sur le changement institutionnel, dans le champ de la r\u00e9gulation des relations d\u2019emploi.<\/li><\/ul>\n\n\n\n<p>Associant analyse documentaire, entretiens semi-directifs et un \u00ab laboratoire de la concertation sociale&nbsp;\u00bb, la recherche empirique sera comparative, afin de saisir les traits communs explicatifs, et de montrer dans quels cas les processus \u00e0 l&rsquo;oeuvre sont porteurs d\u2019exp\u00e9rimentation institutionnelle.<\/p>\n","protected":false},"excerpt":{"rendered":"<p>Etablissant collectivement des normes et des r\u00e8gles qui organisent les relations d\u2019emploi, la concertation sociale, avec ses acteurs et ses instances, joue un r\u00f4le en tant qu\u2019institution du march\u00e9 du travail.<\/p>\n","protected":false},"author":2,"featured_media":0,"comment_status":"closed","ping_status":"closed","sticky":false,"template":"","format":"standard","meta":{"footnotes":""},"categories":[3],"tags":[],"class_list":["post-5220","post","type-post","status-publish","format-standard","hentry","category-missions-en-cours"],"_links":{"self":[{"href":"http:\/\/www.lentic.ulg.ac.be\/index.php\/wp-json\/wp\/v2\/posts\/5220","targetHints":{"allow":["GET"]}}],"collection":[{"href":"http:\/\/www.lentic.ulg.ac.be\/index.php\/wp-json\/wp\/v2\/posts"}],"about":[{"href":"http:\/\/www.lentic.ulg.ac.be\/index.php\/wp-json\/wp\/v2\/types\/post"}],"author":[{"embeddable":true,"href":"http:\/\/www.lentic.ulg.ac.be\/index.php\/wp-json\/wp\/v2\/users\/2"}],"replies":[{"embeddable":true,"href":"http:\/\/www.lentic.ulg.ac.be\/index.php\/wp-json\/wp\/v2\/comments?post=5220"}],"version-history":[{"count":5,"href":"http:\/\/www.lentic.ulg.ac.be\/index.php\/wp-json\/wp\/v2\/posts\/5220\/revisions"}],"predecessor-version":[{"id":6064,"href":"http:\/\/www.lentic.ulg.ac.be\/index.php\/wp-json\/wp\/v2\/posts\/5220\/revisions\/6064"}],"wp:attachment":[{"href":"http:\/\/www.lentic.ulg.ac.be\/index.php\/wp-json\/wp\/v2\/media?parent=5220"}],"wp:term":[{"taxonomy":"category","embeddable":true,"href":"http:\/\/www.lentic.ulg.ac.be\/index.php\/wp-json\/wp\/v2\/categories?post=5220"},{"taxonomy":"post_tag","embeddable":true,"href":"http:\/\/www.lentic.ulg.ac.be\/index.php\/wp-json\/wp\/v2\/tags?post=5220"}],"curies":[{"name":"wp","href":"https:\/\/api.w.org\/{rel}","templated":true}]}}