{"id":5168,"date":"2022-05-23T16:47:00","date_gmt":"2022-05-23T14:47:00","guid":{"rendered":"http:\/\/www.lentic.ulg.ac.be\/?p=5168"},"modified":"2022-07-08T17:12:38","modified_gmt":"2022-07-08T15:12:38","slug":"projet-interreg-prodpilot-4eme-comite-daccompagnement","status":"publish","type":"post","link":"http:\/\/www.lentic.ulg.ac.be\/index.php\/2022\/05\/23\/projet-interreg-prodpilot-4eme-comite-daccompagnement\/","title":{"rendered":"Projet Interreg ProdPilot \u2013 4\u00e8me\u00a0comit\u00e9 d\u2019accompagnement"},"content":{"rendered":"\n<p>Ce&nbsp;19 mai 2022, Olivier Lisein et Martine Tintin participaient au 4<sup>\u00e8me<\/sup>&nbsp;comit\u00e9 d\u2019accompagnement du projet Interreg \u00ab&nbsp;ProdPilot \u2013 Pilotage de la Productivit\u00e9 pour les PME de la Grande R\u00e9gion&nbsp;\u00bb, \u00e0 Zweibr\u00fccken.&nbsp;<\/p>\n\n\n\n<!--more-->\n\n\n\n<p>Cette r\u00e9union a \u00e9t\u00e9 l\u2019occasion pour eux \u2013 comme pour l\u2019ensemble des partenaires du projet (htw saar \u2013 Hochschule f\u00fcr Technik und Wirtschaft des Saarlandes&nbsp;; ED Media \u2013 Hochschule Kaiserslautern \u2013 University of Applied Sciences&nbsp;; LCOMS \u2013 Universit\u00e9 de Lorraine&nbsp;; Universit\u00e9 de Luxembourg&nbsp;; LENTIC \u2013 HEC Li\u00e8ge \u2013 Universit\u00e9 de Li\u00e8ge) \u2013 de pr\u00e9senter l\u2019\u00e9tat d\u2019avancement de leurs actions aupr\u00e8s des responsables du programme Interreg V A Grande R\u00e9gion et des points de contact locaux Interreg.<\/p>\n\n\n\n<div class=\"wp-block-image\"><figure class=\"aligncenter size-large is-resized\"><img loading=\"lazy\" decoding=\"async\" src=\"http:\/\/www.lentic.ulg.ac.be\/wp-content\/uploads\/2022\/07\/Comac_mai2022_3-1024x769.jpg\" alt=\"\" class=\"wp-image-5183\" width=\"479\" height=\"359\" srcset=\"http:\/\/www.lentic.ulg.ac.be\/wp-content\/uploads\/2022\/07\/Comac_mai2022_3-1024x769.jpg 1024w, http:\/\/www.lentic.ulg.ac.be\/wp-content\/uploads\/2022\/07\/Comac_mai2022_3-300x225.jpg 300w, http:\/\/www.lentic.ulg.ac.be\/wp-content\/uploads\/2022\/07\/Comac_mai2022_3-768x577.jpg 768w, http:\/\/www.lentic.ulg.ac.be\/wp-content\/uploads\/2022\/07\/Comac_mai2022_3-1536x1153.jpg 1536w, http:\/\/www.lentic.ulg.ac.be\/wp-content\/uploads\/2022\/07\/Comac_mai2022_3-2048x1538.jpg 2048w\" sizes=\"auto, (max-width: 479px) 100vw, 479px\" \/><\/figure><\/div>\n\n\n\n<h2 class=\"wp-block-heading\">&nbsp;<\/h2>\n\n\n\n<p>Durant cette journ\u00e9e, qui aura permis \u00e0 chacun de se revoir apr\u00e8s 2 COMAC organis\u00e9s sous forme virtuelle vu le contexte 2020 et 2021, plusieurs points ont \u00e9t\u00e9 discut\u00e9s&nbsp;: progression des \u00e9tudes de cas dans les PME de la Grande R\u00e9gion, organisation du prix de la productivit\u00e9 de la Grande R\u00e9gion (Grand Prix ProdPilot), d\u00e9veloppement de la plateforme Web ProdPilot, indicateurs de r\u00e9ussite du projet \u00e0 ce stade-ci de la d\u00e9marche, collaborations internationales entre les 5 partenaires du projet, etc.&nbsp;<\/p>\n\n\n\n<div class=\"wp-block-image\"><figure class=\"alignright size-large is-resized\"><img loading=\"lazy\" decoding=\"async\" src=\"http:\/\/www.lentic.ulg.ac.be\/wp-content\/uploads\/2022\/07\/Comac_mai2022_2-1024x769.jpg\" alt=\"\" class=\"wp-image-5187\" width=\"339\" height=\"254\" srcset=\"http:\/\/www.lentic.ulg.ac.be\/wp-content\/uploads\/2022\/07\/Comac_mai2022_2-1024x769.jpg 1024w, http:\/\/www.lentic.ulg.ac.be\/wp-content\/uploads\/2022\/07\/Comac_mai2022_2-300x225.jpg 300w, http:\/\/www.lentic.ulg.ac.be\/wp-content\/uploads\/2022\/07\/Comac_mai2022_2-768x577.jpg 768w, http:\/\/www.lentic.ulg.ac.be\/wp-content\/uploads\/2022\/07\/Comac_mai2022_2-1536x1153.jpg 1536w, http:\/\/www.lentic.ulg.ac.be\/wp-content\/uploads\/2022\/07\/Comac_mai2022_2-2048x1538.jpg 2048w\" sizes=\"auto, (max-width: 339px) 100vw, 339px\" \/><\/figure><\/div>\n\n\n\n<p><br>En tant que coordinateurs du work package relatif aux \u00e9tudes de cas, cette journ\u00e9e a notamment \u00e9t\u00e9 l\u2019occasion pour Martine et Olivier de repr\u00e9senter en d\u00e9tail la m\u00e9thodologie de travail privil\u00e9gi\u00e9e pour la r\u00e9alisation de 30 \u00e9tudes de cas au sein de la Grande R\u00e9gion ainsi que de discuter avec les membres du COMAC les r\u00e9sultats obtenus dans les 12 \u00e9tudes de cas finalis\u00e9es \u00e0 ce stade du projet.<\/p>\n\n\n\n<p>Le&nbsp;20 mai 2022, les partenaires du projet ProdPilot ont prolong\u00e9 leurs travaux afin d\u2019organiser au mieux les actions restant \u00e0 finaliser d\u2019ici l\u2019\u00e9ch\u00e9ance du projet, fin septembre&nbsp;: 4 derniers mois qui s\u2019annoncent particuli\u00e8rement charg\u00e9s mais aussi tr\u00e8s exaltants, dans le sens o\u00f9 ils vont permettre aux partenaires de consolider et valoriser les r\u00e9sultats de plus de 4 ans de collaboration&nbsp;!<\/p>\n\n\n\n<p><br><br>Stay tuned, pour une pr\u00e9sentation plus d\u00e9taill\u00e9e de ces r\u00e9sultats dans le courant du 2eme semestre 2022\u2026<\/p>\n\n\n\n<p class=\"has-text-color\" style=\"color:#f07d00\"><br> Vous souhaitez&nbsp;<strong>en savoir plus sur le projet ProdPilot<\/strong>&nbsp;?<\/p>\n\n\n\n<ul class=\"wp-block-list\"><li>Consultez, sur ce site Web, l&rsquo;article relatif au <a rel=\"noreferrer noopener\" href=\"http:\/\/www.lentic.ulg.ac.be\/index.php\/2018\/03\/16\/prodpilot-pilotage-de-la-productivite-pour-les-pme-dans-la-grande-region-programme-transfrontalier-de-cooperation-territoriale-europeenne-2014-2020-interreg-v-a-grande-region-union\/\" target=\"_blank\">descriptif du projet<\/a><\/li><li>Visitez le site Web du projet&nbsp;: <a rel=\"noreferrer noopener\" href=\"https:\/\/prodpilot.eu\/fr\" target=\"_blank\">https:\/\/prodpilot.eu\/fr<\/a><\/li><li>Prenez contact avec une des deux personnes ci-dessous<\/li><\/ul>\n\n\n\n<p><strong>Responsable du projet ProdPilot \u00e0 l\u2019Universit\u00e9 de Li\u00e8ge&nbsp;:<\/strong><br>Prof. Olivier Lisein<br><em>LENTIC (Laboratoire d\u2019Etudes sur les Nouvelles formes de Travail, l\u2019Innovation et le Changement), HEC-Li\u00e8ge, Universit\u00e9 de Li\u00e8ge<\/em>, Li\u00e8ge<br>T\u00e9l. :&nbsp;<a href=\"callto:+32%2043%2066%2030%2070\">+32 4 366 30 70<\/a><br>Mail&nbsp;:&nbsp;<a href=\"&#x6d;&#x61;&#x69;&#x6c;&#x74;&#x6f;&#x3a;&#x6f;&#46;&#108;&#105;&#115;&#101;&#105;&#110;&#64;uli&#x65;&#x67;&#x65;&#x2e;&#x62;&#x65;\">o&#46;&#x6c;&#x69;s&#101;&#x69;&#x6e;&#64;&#117;&#108;&#x69;&#x65;g&#101;&#x2e;&#x62;e<\/a> <\/p>\n\n\n\n<div class=\"wp-block-image\"><figure class=\"alignright size-full is-resized\"><img loading=\"lazy\" decoding=\"async\" src=\"http:\/\/www.lentic.ulg.ac.be\/wp-content\/uploads\/2019\/06\/Interreg_GR_PRODPILOT_CMYK-e1560858606376.jpg\" alt=\"\" class=\"wp-image-1640\" width=\"188\" height=\"85\"\/><\/figure><\/div>\n\n\n\n<div class=\"wp-block-image\"><figure class=\"alignright size-large is-resized\"><img loading=\"lazy\" decoding=\"async\" src=\"http:\/\/www.lentic.ulg.ac.be\/wp-content\/uploads\/2019\/03\/soutien_v_fr-697x1024.jpg\" alt=\"\" class=\"wp-image-1348\" width=\"115\" height=\"169\" srcset=\"http:\/\/www.lentic.ulg.ac.be\/wp-content\/uploads\/2019\/03\/soutien_v_fr-697x1024.jpg 697w, http:\/\/www.lentic.ulg.ac.be\/wp-content\/uploads\/2019\/03\/soutien_v_fr-204x300.jpg 204w, http:\/\/www.lentic.ulg.ac.be\/wp-content\/uploads\/2019\/03\/soutien_v_fr-768x1128.jpg 768w, http:\/\/www.lentic.ulg.ac.be\/wp-content\/uploads\/2019\/03\/soutien_v_fr.jpg 849w\" sizes=\"auto, (max-width: 115px) 100vw, 115px\" \/><\/figure><\/div>\n\n\n\n<p><strong>Coordinateur g\u00e9n\u00e9ral du projet ProdPilot :<\/strong><br>Prof. Thomas Korne<br><em>Hochschule f\u00fcr Technik und Wirtschaft des Saarlandes<\/em>, Sarrebruck<br>T\u00e9l. :&nbsp;&nbsp;<a href=\"callto:+49%20177%207913402\">+49 177 7913402<\/a><br>Mail :&nbsp;<a href=\"&#x6d;&#x61;&#x69;&#x6c;&#x74;&#x6f;&#x3a;&#x74;&#104;&#111;&#109;&#97;&#115;&#46;&#107;orne&#x40;&#x68;&#x74;&#x77;&#x73;&#x61;&#x61;&#x72;&#x2e;&#100;&#101;\">&#116;&#x68;&#111;&#x6d;&#97;&#x73;&#46;&#x6b;&#111;&#x72;&#110;&#x65;&#64;&#x68;&#116;&#x77;&#115;&#x61;&#97;&#x72;&#46;&#x64;&#101;<\/a> <\/p>\n","protected":false},"excerpt":{"rendered":"<p>Ce&nbsp;19 mai 2022, Olivier Lisein et Martine Tintin participaient au 4\u00e8me&nbsp;comit\u00e9 d\u2019accompagnement du projet Interreg \u00ab&nbsp;ProdPilot \u2013 Pilotage de la Productivit\u00e9 pour les PME de la Grande R\u00e9gion&nbsp;\u00bb, \u00e0 Zweibr\u00fccken.&nbsp;<\/p>\n","protected":false},"author":2,"featured_media":1679,"comment_status":"closed","ping_status":"closed","sticky":false,"template":"","format":"standard","meta":{"footnotes":""},"categories":[5],"tags":[],"class_list":["post-5168","post","type-post","status-publish","format-standard","has-post-thumbnail","hentry","category-actualites"],"_links":{"self":[{"href":"http:\/\/www.lentic.ulg.ac.be\/index.php\/wp-json\/wp\/v2\/posts\/5168","targetHints":{"allow":["GET"]}}],"collection":[{"href":"http:\/\/www.lentic.ulg.ac.be\/index.php\/wp-json\/wp\/v2\/posts"}],"about":[{"href":"http:\/\/www.lentic.ulg.ac.be\/index.php\/wp-json\/wp\/v2\/types\/post"}],"author":[{"embeddable":true,"href":"http:\/\/www.lentic.ulg.ac.be\/index.php\/wp-json\/wp\/v2\/users\/2"}],"replies":[{"embeddable":true,"href":"http:\/\/www.lentic.ulg.ac.be\/index.php\/wp-json\/wp\/v2\/comments?post=5168"}],"version-history":[{"count":18,"href":"http:\/\/www.lentic.ulg.ac.be\/index.php\/wp-json\/wp\/v2\/posts\/5168\/revisions"}],"predecessor-version":[{"id":5196,"href":"http:\/\/www.lentic.ulg.ac.be\/index.php\/wp-json\/wp\/v2\/posts\/5168\/revisions\/5196"}],"wp:featuredmedia":[{"embeddable":true,"href":"http:\/\/www.lentic.ulg.ac.be\/index.php\/wp-json\/wp\/v2\/media\/1679"}],"wp:attachment":[{"href":"http:\/\/www.lentic.ulg.ac.be\/index.php\/wp-json\/wp\/v2\/media?parent=5168"}],"wp:term":[{"taxonomy":"category","embeddable":true,"href":"http:\/\/www.lentic.ulg.ac.be\/index.php\/wp-json\/wp\/v2\/categories?post=5168"},{"taxonomy":"post_tag","embeddable":true,"href":"http:\/\/www.lentic.ulg.ac.be\/index.php\/wp-json\/wp\/v2\/tags?post=5168"}],"curies":[{"name":"wp","href":"https:\/\/api.w.org\/{rel}","templated":true}]}}