{"id":4483,"date":"2023-11-02T13:20:00","date_gmt":"2023-11-02T12:20:00","guid":{"rendered":"http:\/\/www.lentic.ulg.ac.be\/?p=4483"},"modified":"2025-04-30T11:57:03","modified_gmt":"2025-04-30T09:57:03","slug":"anticipation-de-levolution-des-metiers-et-competences-dans-le-cadre-de-la-transformation-digitale-prayon-2021","status":"publish","type":"post","link":"http:\/\/www.lentic.ulg.ac.be\/index.php\/2023\/11\/02\/anticipation-de-levolution-des-metiers-et-competences-dans-le-cadre-de-la-transformation-digitale-prayon-2021\/","title":{"rendered":"Accompagnement \u00e0 l&rsquo;impl\u00e9mentation de salles de r\u00e9unions hybrides: benchmark et analyse des besoins, Prayon, 2024"},"content":{"rendered":"","protected":false},"excerpt":{"rendered":"","protected":false},"author":2,"featured_media":0,"comment_status":"closed","ping_status":"closed","sticky":false,"template":"","format":"standard","meta":{"footnotes":""},"categories":[2],"tags":[],"class_list":["post-4483","post","type-post","status-publish","format-standard","hentry","category-archives"],"_links":{"self":[{"href":"http:\/\/www.lentic.ulg.ac.be\/index.php\/wp-json\/wp\/v2\/posts\/4483","targetHints":{"allow":["GET"]}}],"collection":[{"href":"http:\/\/www.lentic.ulg.ac.be\/index.php\/wp-json\/wp\/v2\/posts"}],"about":[{"href":"http:\/\/www.lentic.ulg.ac.be\/index.php\/wp-json\/wp\/v2\/types\/post"}],"author":[{"embeddable":true,"href":"http:\/\/www.lentic.ulg.ac.be\/index.php\/wp-json\/wp\/v2\/users\/2"}],"replies":[{"embeddable":true,"href":"http:\/\/www.lentic.ulg.ac.be\/index.php\/wp-json\/wp\/v2\/comments?post=4483"}],"version-history":[{"count":4,"href":"http:\/\/www.lentic.ulg.ac.be\/index.php\/wp-json\/wp\/v2\/posts\/4483\/revisions"}],"predecessor-version":[{"id":6170,"href":"http:\/\/www.lentic.ulg.ac.be\/index.php\/wp-json\/wp\/v2\/posts\/4483\/revisions\/6170"}],"wp:attachment":[{"href":"http:\/\/www.lentic.ulg.ac.be\/index.php\/wp-json\/wp\/v2\/media?parent=4483"}],"wp:term":[{"taxonomy":"category","embeddable":true,"href":"http:\/\/www.lentic.ulg.ac.be\/index.php\/wp-json\/wp\/v2\/categories?post=4483"},{"taxonomy":"post_tag","embeddable":true,"href":"http:\/\/www.lentic.ulg.ac.be\/index.php\/wp-json\/wp\/v2\/tags?post=4483"}],"curies":[{"name":"wp","href":"https:\/\/api.w.org\/{rel}","templated":true}]}}