{"id":418,"date":"2014-09-21T12:57:49","date_gmt":"2014-09-21T10:57:49","guid":{"rendered":"http:\/\/bee.community\/?p=418"},"modified":"2014-09-21T12:57:49","modified_gmt":"2014-09-21T10:57:49","slug":"vires-recherche-sur-limpact-des-restructurations-dentreprise-sur-les-populations-vulnerables-que-sont-les-jeunes-et-les-migrants-commission-europeenne-dg-emploi-affaires","status":"publish","type":"post","link":"http:\/\/www.lentic.ulg.ac.be\/index.php\/2014\/09\/21\/vires-recherche-sur-limpact-des-restructurations-dentreprise-sur-les-populations-vulnerables-que-sont-les-jeunes-et-les-migrants-commission-europeenne-dg-emploi-affaires\/","title":{"rendered":"VIRES \u2013 Recherche sur l\u2019impact des restructurations d\u2019entreprise sur les populations vuln\u00e9rables que sont les jeunes et les migrants, Commission europ\u00e9enne, DG Emploi, Affaires sociales et Egalit\u00e9 des chances, 2014"},"content":{"rendered":"","protected":false},"excerpt":{"rendered":"","protected":false},"author":1,"featured_media":0,"comment_status":"closed","ping_status":"closed","sticky":false,"template":"","format":"standard","meta":{"footnotes":""},"categories":[2],"tags":[],"class_list":["post-418","post","type-post","status-publish","format-standard","hentry","category-archives"],"_links":{"self":[{"href":"http:\/\/www.lentic.ulg.ac.be\/index.php\/wp-json\/wp\/v2\/posts\/418","targetHints":{"allow":["GET"]}}],"collection":[{"href":"http:\/\/www.lentic.ulg.ac.be\/index.php\/wp-json\/wp\/v2\/posts"}],"about":[{"href":"http:\/\/www.lentic.ulg.ac.be\/index.php\/wp-json\/wp\/v2\/types\/post"}],"author":[{"embeddable":true,"href":"http:\/\/www.lentic.ulg.ac.be\/index.php\/wp-json\/wp\/v2\/users\/1"}],"replies":[{"embeddable":true,"href":"http:\/\/www.lentic.ulg.ac.be\/index.php\/wp-json\/wp\/v2\/comments?post=418"}],"version-history":[{"count":0,"href":"http:\/\/www.lentic.ulg.ac.be\/index.php\/wp-json\/wp\/v2\/posts\/418\/revisions"}],"wp:attachment":[{"href":"http:\/\/www.lentic.ulg.ac.be\/index.php\/wp-json\/wp\/v2\/media?parent=418"}],"wp:term":[{"taxonomy":"category","embeddable":true,"href":"http:\/\/www.lentic.ulg.ac.be\/index.php\/wp-json\/wp\/v2\/categories?post=418"},{"taxonomy":"post_tag","embeddable":true,"href":"http:\/\/www.lentic.ulg.ac.be\/index.php\/wp-json\/wp\/v2\/tags?post=418"}],"curies":[{"name":"wp","href":"https:\/\/api.w.org\/{rel}","templated":true}]}}