{"id":414,"date":"2013-09-21T12:57:10","date_gmt":"2013-09-21T10:57:10","guid":{"rendered":"http:\/\/bee.community\/?p=414"},"modified":"2013-09-21T12:57:10","modified_gmt":"2013-09-21T10:57:10","slug":"moliere-projet-de-recherche-visant-a-actualiser-letat-des-lieux-des-restructurations-dans-11-pays-europeenscommission-europeenne-dg-emploi-affaires-sociales-et-egalite-des-chance","status":"publish","type":"post","link":"http:\/\/www.lentic.ulg.ac.be\/index.php\/2013\/09\/21\/moliere-projet-de-recherche-visant-a-actualiser-letat-des-lieux-des-restructurations-dans-11-pays-europeenscommission-europeenne-dg-emploi-affaires-sociales-et-egalite-des-chance\/","title":{"rendered":"Moli\u00e8re \u2013 Projet de recherche visant \u00e0 actualiser l\u2019\u00e9tat des lieux des restructurations dans 11 pays europ\u00e9ens,Commission europ\u00e9enne, DG Emploi, Affaires sociales et Egalit\u00e9 des chances, 2013-2014"},"content":{"rendered":"","protected":false},"excerpt":{"rendered":"","protected":false},"author":1,"featured_media":0,"comment_status":"closed","ping_status":"closed","sticky":false,"template":"","format":"standard","meta":{"footnotes":""},"categories":[2],"tags":[],"class_list":["post-414","post","type-post","status-publish","format-standard","hentry","category-archives"],"_links":{"self":[{"href":"http:\/\/www.lentic.ulg.ac.be\/index.php\/wp-json\/wp\/v2\/posts\/414","targetHints":{"allow":["GET"]}}],"collection":[{"href":"http:\/\/www.lentic.ulg.ac.be\/index.php\/wp-json\/wp\/v2\/posts"}],"about":[{"href":"http:\/\/www.lentic.ulg.ac.be\/index.php\/wp-json\/wp\/v2\/types\/post"}],"author":[{"embeddable":true,"href":"http:\/\/www.lentic.ulg.ac.be\/index.php\/wp-json\/wp\/v2\/users\/1"}],"replies":[{"embeddable":true,"href":"http:\/\/www.lentic.ulg.ac.be\/index.php\/wp-json\/wp\/v2\/comments?post=414"}],"version-history":[{"count":0,"href":"http:\/\/www.lentic.ulg.ac.be\/index.php\/wp-json\/wp\/v2\/posts\/414\/revisions"}],"wp:attachment":[{"href":"http:\/\/www.lentic.ulg.ac.be\/index.php\/wp-json\/wp\/v2\/media?parent=414"}],"wp:term":[{"taxonomy":"category","embeddable":true,"href":"http:\/\/www.lentic.ulg.ac.be\/index.php\/wp-json\/wp\/v2\/categories?post=414"},{"taxonomy":"post_tag","embeddable":true,"href":"http:\/\/www.lentic.ulg.ac.be\/index.php\/wp-json\/wp\/v2\/tags?post=414"}],"curies":[{"name":"wp","href":"https:\/\/api.w.org\/{rel}","templated":true}]}}