{"id":404,"date":"2012-09-21T12:55:17","date_gmt":"2012-09-21T10:55:17","guid":{"rendered":"http:\/\/bee.community\/?p=404"},"modified":"2012-09-21T12:55:17","modified_gmt":"2012-09-21T10:55:17","slug":"taw-in-europe-temporary-agency-work-and-transitions-in-the-labour-market-caracterisation-du-secteur-de-linterim-en-belgique-son-dialogue-social-son-role-en-terme-de-transition-p","status":"publish","type":"post","link":"http:\/\/www.lentic.ulg.ac.be\/index.php\/2012\/09\/21\/taw-in-europe-temporary-agency-work-and-transitions-in-the-labour-market-caracterisation-du-secteur-de-linterim-en-belgique-son-dialogue-social-son-role-en-terme-de-transition-p\/","title":{"rendered":"TAW in Europe (Temporary Agency Work and transitions in the labour market) \u2013 Caract\u00e9risation du secteur de l\u2019int\u00e9rim en Belgique, son dialogue social, son r\u00f4le en terme de transition professionnelle, F\u00e9d\u00e9rations europ\u00e9ennes patronales et syndicales du secteur de l\u2019int\u00e9rim, 2012"},"content":{"rendered":"","protected":false},"excerpt":{"rendered":"","protected":false},"author":1,"featured_media":0,"comment_status":"closed","ping_status":"closed","sticky":false,"template":"","format":"standard","meta":{"footnotes":""},"categories":[2],"tags":[],"class_list":["post-404","post","type-post","status-publish","format-standard","hentry","category-archives"],"_links":{"self":[{"href":"http:\/\/www.lentic.ulg.ac.be\/index.php\/wp-json\/wp\/v2\/posts\/404","targetHints":{"allow":["GET"]}}],"collection":[{"href":"http:\/\/www.lentic.ulg.ac.be\/index.php\/wp-json\/wp\/v2\/posts"}],"about":[{"href":"http:\/\/www.lentic.ulg.ac.be\/index.php\/wp-json\/wp\/v2\/types\/post"}],"author":[{"embeddable":true,"href":"http:\/\/www.lentic.ulg.ac.be\/index.php\/wp-json\/wp\/v2\/users\/1"}],"replies":[{"embeddable":true,"href":"http:\/\/www.lentic.ulg.ac.be\/index.php\/wp-json\/wp\/v2\/comments?post=404"}],"version-history":[{"count":0,"href":"http:\/\/www.lentic.ulg.ac.be\/index.php\/wp-json\/wp\/v2\/posts\/404\/revisions"}],"wp:attachment":[{"href":"http:\/\/www.lentic.ulg.ac.be\/index.php\/wp-json\/wp\/v2\/media?parent=404"}],"wp:term":[{"taxonomy":"category","embeddable":true,"href":"http:\/\/www.lentic.ulg.ac.be\/index.php\/wp-json\/wp\/v2\/categories?post=404"},{"taxonomy":"post_tag","embeddable":true,"href":"http:\/\/www.lentic.ulg.ac.be\/index.php\/wp-json\/wp\/v2\/tags?post=404"}],"curies":[{"name":"wp","href":"https:\/\/api.w.org\/{rel}","templated":true}]}}