{"id":390,"date":"2010-09-21T12:53:04","date_gmt":"2010-09-21T10:53:04","guid":{"rendered":"http:\/\/bee.community\/?p=390"},"modified":"2019-07-24T13:57:21","modified_gmt":"2019-07-24T11:57:21","slug":"projet-social-dialogue-in-times-of-crisis-eiro-department-of-european-foundation-for-the-improvement-of-living-and-working-conditions-dublin-2010-2011","status":"publish","type":"post","link":"http:\/\/www.lentic.ulg.ac.be\/index.php\/2010\/09\/21\/projet-social-dialogue-in-times-of-crisis-eiro-department-of-european-foundation-for-the-improvement-of-living-and-working-conditions-dublin-2010-2011\/","title":{"rendered":"Projet \u00ab Social dialogue in times of crisis \u00bb, EIRO, Department of European Foundation for the improvement of living and working conditions-Dublin, 2010-2011"},"content":{"rendered":"\n<p>Identification et analyse des pratiques mises en place par les partenaires sociaux des 27 pays de l\u2019Union pour faire face \u00e0 la crise mondiale.<!--more--> Le projet est coordonn\u00e9 par Astr\u00e9es (France) et r\u00e9unit 13 partenaires nationaux.<\/p>\n\n\n\n<p>En Belgique, le travail de recherche porte sur un \u00e9tat des lieux du dialogue social durant la crise et sur la r\u00e9daction d\u2019une \u00e9tude de cas d\u2019entreprise en restructuration durant la crise.<\/p>\n","protected":false},"excerpt":{"rendered":"<p>Identification et analyse des pratiques mises en place par les partenaires sociaux des 27 pays de l\u2019Union pour faire face \u00e0 la crise mondiale.<\/p>\n","protected":false},"author":1,"featured_media":0,"comment_status":"closed","ping_status":"closed","sticky":false,"template":"","format":"standard","meta":{"footnotes":""},"categories":[2],"tags":[],"class_list":["post-390","post","type-post","status-publish","format-standard","hentry","category-archives"],"_links":{"self":[{"href":"http:\/\/www.lentic.ulg.ac.be\/index.php\/wp-json\/wp\/v2\/posts\/390","targetHints":{"allow":["GET"]}}],"collection":[{"href":"http:\/\/www.lentic.ulg.ac.be\/index.php\/wp-json\/wp\/v2\/posts"}],"about":[{"href":"http:\/\/www.lentic.ulg.ac.be\/index.php\/wp-json\/wp\/v2\/types\/post"}],"author":[{"embeddable":true,"href":"http:\/\/www.lentic.ulg.ac.be\/index.php\/wp-json\/wp\/v2\/users\/1"}],"replies":[{"embeddable":true,"href":"http:\/\/www.lentic.ulg.ac.be\/index.php\/wp-json\/wp\/v2\/comments?post=390"}],"version-history":[{"count":2,"href":"http:\/\/www.lentic.ulg.ac.be\/index.php\/wp-json\/wp\/v2\/posts\/390\/revisions"}],"predecessor-version":[{"id":1906,"href":"http:\/\/www.lentic.ulg.ac.be\/index.php\/wp-json\/wp\/v2\/posts\/390\/revisions\/1906"}],"wp:attachment":[{"href":"http:\/\/www.lentic.ulg.ac.be\/index.php\/wp-json\/wp\/v2\/media?parent=390"}],"wp:term":[{"taxonomy":"category","embeddable":true,"href":"http:\/\/www.lentic.ulg.ac.be\/index.php\/wp-json\/wp\/v2\/categories?post=390"},{"taxonomy":"post_tag","embeddable":true,"href":"http:\/\/www.lentic.ulg.ac.be\/index.php\/wp-json\/wp\/v2\/tags?post=390"}],"curies":[{"name":"wp","href":"https:\/\/api.w.org\/{rel}","templated":true}]}}