{"id":382,"date":"2009-09-21T12:51:41","date_gmt":"2009-09-21T10:51:41","guid":{"rendered":"http:\/\/bee.community\/?p=382"},"modified":"2009-09-21T12:51:41","modified_gmt":"2009-09-21T10:51:41","slug":"etude-de-limpact-des-evolutions-economiques-technologiques-et-reglementaires-sur-les-metiers-du-secteur-transport-et-logistique-forem-formation-centre-de-competence-forem-logistique-belgi","status":"publish","type":"post","link":"http:\/\/www.lentic.ulg.ac.be\/index.php\/2009\/09\/21\/etude-de-limpact-des-evolutions-economiques-technologiques-et-reglementaires-sur-les-metiers-du-secteur-transport-et-logistique-forem-formation-centre-de-competence-forem-logistique-belgi\/","title":{"rendered":"Etude de l\u2019impact des \u00e9volutions \u00e9conomiques, technologiques et r\u00e9glementaires sur les m\u00e9tiers du secteur Transport et Logistique, FOREM Formation, centre de comp\u00e9tence Forem Logistique, Belgique, 2009-2010"},"content":{"rendered":"","protected":false},"excerpt":{"rendered":"","protected":false},"author":1,"featured_media":0,"comment_status":"closed","ping_status":"closed","sticky":false,"template":"","format":"standard","meta":{"footnotes":""},"categories":[2],"tags":[],"class_list":["post-382","post","type-post","status-publish","format-standard","hentry","category-archives"],"_links":{"self":[{"href":"http:\/\/www.lentic.ulg.ac.be\/index.php\/wp-json\/wp\/v2\/posts\/382","targetHints":{"allow":["GET"]}}],"collection":[{"href":"http:\/\/www.lentic.ulg.ac.be\/index.php\/wp-json\/wp\/v2\/posts"}],"about":[{"href":"http:\/\/www.lentic.ulg.ac.be\/index.php\/wp-json\/wp\/v2\/types\/post"}],"author":[{"embeddable":true,"href":"http:\/\/www.lentic.ulg.ac.be\/index.php\/wp-json\/wp\/v2\/users\/1"}],"replies":[{"embeddable":true,"href":"http:\/\/www.lentic.ulg.ac.be\/index.php\/wp-json\/wp\/v2\/comments?post=382"}],"version-history":[{"count":0,"href":"http:\/\/www.lentic.ulg.ac.be\/index.php\/wp-json\/wp\/v2\/posts\/382\/revisions"}],"wp:attachment":[{"href":"http:\/\/www.lentic.ulg.ac.be\/index.php\/wp-json\/wp\/v2\/media?parent=382"}],"wp:term":[{"taxonomy":"category","embeddable":true,"href":"http:\/\/www.lentic.ulg.ac.be\/index.php\/wp-json\/wp\/v2\/categories?post=382"},{"taxonomy":"post_tag","embeddable":true,"href":"http:\/\/www.lentic.ulg.ac.be\/index.php\/wp-json\/wp\/v2\/tags?post=382"}],"curies":[{"name":"wp","href":"https:\/\/api.w.org\/{rel}","templated":true}]}}