{"id":360,"date":"2007-09-21T12:47:46","date_gmt":"2007-09-21T10:47:46","guid":{"rendered":"http:\/\/bee.community\/?p=360"},"modified":"2007-09-21T12:47:46","modified_gmt":"2007-09-21T10:47:46","slug":"identification-des-enjeux-de-la-flexicurite-et-potentialites-de-la-mutualisation-de-personnel-region-wallonne-belgique-2007-2008","status":"publish","type":"post","link":"http:\/\/www.lentic.ulg.ac.be\/index.php\/2007\/09\/21\/identification-des-enjeux-de-la-flexicurite-et-potentialites-de-la-mutualisation-de-personnel-region-wallonne-belgique-2007-2008\/","title":{"rendered":"Identification des enjeux de la flexicurit\u00e9 et potentialit\u00e9s de la mutualisation de personnel, R\u00e9gion wallonne, Belgique, 2007-2008"},"content":{"rendered":"","protected":false},"excerpt":{"rendered":"","protected":false},"author":1,"featured_media":0,"comment_status":"closed","ping_status":"closed","sticky":false,"template":"","format":"standard","meta":{"footnotes":""},"categories":[2],"tags":[],"class_list":["post-360","post","type-post","status-publish","format-standard","hentry","category-archives"],"_links":{"self":[{"href":"http:\/\/www.lentic.ulg.ac.be\/index.php\/wp-json\/wp\/v2\/posts\/360","targetHints":{"allow":["GET"]}}],"collection":[{"href":"http:\/\/www.lentic.ulg.ac.be\/index.php\/wp-json\/wp\/v2\/posts"}],"about":[{"href":"http:\/\/www.lentic.ulg.ac.be\/index.php\/wp-json\/wp\/v2\/types\/post"}],"author":[{"embeddable":true,"href":"http:\/\/www.lentic.ulg.ac.be\/index.php\/wp-json\/wp\/v2\/users\/1"}],"replies":[{"embeddable":true,"href":"http:\/\/www.lentic.ulg.ac.be\/index.php\/wp-json\/wp\/v2\/comments?post=360"}],"version-history":[{"count":0,"href":"http:\/\/www.lentic.ulg.ac.be\/index.php\/wp-json\/wp\/v2\/posts\/360\/revisions"}],"wp:attachment":[{"href":"http:\/\/www.lentic.ulg.ac.be\/index.php\/wp-json\/wp\/v2\/media?parent=360"}],"wp:term":[{"taxonomy":"category","embeddable":true,"href":"http:\/\/www.lentic.ulg.ac.be\/index.php\/wp-json\/wp\/v2\/categories?post=360"},{"taxonomy":"post_tag","embeddable":true,"href":"http:\/\/www.lentic.ulg.ac.be\/index.php\/wp-json\/wp\/v2\/tags?post=360"}],"curies":[{"name":"wp","href":"https:\/\/api.w.org\/{rel}","templated":true}]}}