{"id":348,"date":"2006-09-21T12:45:19","date_gmt":"2006-09-21T10:45:19","guid":{"rendered":"http:\/\/bee.community\/?p=348"},"modified":"2006-09-21T12:45:19","modified_gmt":"2006-09-21T10:45:19","slug":"analyse-critique-des-dispositifs-de-maintien-a-lemploi-des-travailleurs-ages-asbl-jeunes-emploi-formation-liege-2006-2007","status":"publish","type":"post","link":"http:\/\/www.lentic.ulg.ac.be\/index.php\/2006\/09\/21\/analyse-critique-des-dispositifs-de-maintien-a-lemploi-des-travailleurs-ages-asbl-jeunes-emploi-formation-liege-2006-2007\/","title":{"rendered":"Analyse critique des dispositifs de maintien \u00e0 l\u2019emploi des travailleurs \u00e2g\u00e9s, ASBL Jeunes Emploi Formation, Li\u00e8ge, 2006-2007"},"content":{"rendered":"","protected":false},"excerpt":{"rendered":"","protected":false},"author":1,"featured_media":0,"comment_status":"closed","ping_status":"closed","sticky":false,"template":"","format":"standard","meta":{"footnotes":""},"categories":[2],"tags":[],"class_list":["post-348","post","type-post","status-publish","format-standard","hentry","category-archives"],"_links":{"self":[{"href":"http:\/\/www.lentic.ulg.ac.be\/index.php\/wp-json\/wp\/v2\/posts\/348","targetHints":{"allow":["GET"]}}],"collection":[{"href":"http:\/\/www.lentic.ulg.ac.be\/index.php\/wp-json\/wp\/v2\/posts"}],"about":[{"href":"http:\/\/www.lentic.ulg.ac.be\/index.php\/wp-json\/wp\/v2\/types\/post"}],"author":[{"embeddable":true,"href":"http:\/\/www.lentic.ulg.ac.be\/index.php\/wp-json\/wp\/v2\/users\/1"}],"replies":[{"embeddable":true,"href":"http:\/\/www.lentic.ulg.ac.be\/index.php\/wp-json\/wp\/v2\/comments?post=348"}],"version-history":[{"count":0,"href":"http:\/\/www.lentic.ulg.ac.be\/index.php\/wp-json\/wp\/v2\/posts\/348\/revisions"}],"wp:attachment":[{"href":"http:\/\/www.lentic.ulg.ac.be\/index.php\/wp-json\/wp\/v2\/media?parent=348"}],"wp:term":[{"taxonomy":"category","embeddable":true,"href":"http:\/\/www.lentic.ulg.ac.be\/index.php\/wp-json\/wp\/v2\/categories?post=348"},{"taxonomy":"post_tag","embeddable":true,"href":"http:\/\/www.lentic.ulg.ac.be\/index.php\/wp-json\/wp\/v2\/tags?post=348"}],"curies":[{"name":"wp","href":"https:\/\/api.w.org\/{rel}","templated":true}]}}