{"id":300,"date":"2013-09-21T12:30:49","date_gmt":"2013-09-21T10:30:49","guid":{"rendered":"http:\/\/bee.community\/?p=300"},"modified":"2018-07-23T10:22:10","modified_gmt":"2018-07-23T08:22:10","slug":"accompagnement-du-centre-hospitalier-universitaire-de-liege-dans-la-mise-en-oeuvre-de-la-politique-de-grh-chu-de-liege-2013","status":"publish","type":"post","link":"http:\/\/www.lentic.ulg.ac.be\/index.php\/2013\/09\/21\/accompagnement-du-centre-hospitalier-universitaire-de-liege-dans-la-mise-en-oeuvre-de-la-politique-de-grh-chu-de-liege-2013\/","title":{"rendered":"Accompagnement du Centre Hospitalier Universitaire de Li\u00e8ge dans la mise en \u0153uvre de la politique de GRH, CHU de Li\u00e8ge, 2013"},"content":{"rendered":"","protected":false},"excerpt":{"rendered":"","protected":false},"author":1,"featured_media":0,"comment_status":"closed","ping_status":"closed","sticky":false,"template":"","format":"standard","meta":{"footnotes":""},"categories":[2],"tags":[],"class_list":["post-300","post","type-post","status-publish","format-standard","hentry","category-archives"],"_links":{"self":[{"href":"http:\/\/www.lentic.ulg.ac.be\/index.php\/wp-json\/wp\/v2\/posts\/300","targetHints":{"allow":["GET"]}}],"collection":[{"href":"http:\/\/www.lentic.ulg.ac.be\/index.php\/wp-json\/wp\/v2\/posts"}],"about":[{"href":"http:\/\/www.lentic.ulg.ac.be\/index.php\/wp-json\/wp\/v2\/types\/post"}],"author":[{"embeddable":true,"href":"http:\/\/www.lentic.ulg.ac.be\/index.php\/wp-json\/wp\/v2\/users\/1"}],"replies":[{"embeddable":true,"href":"http:\/\/www.lentic.ulg.ac.be\/index.php\/wp-json\/wp\/v2\/comments?post=300"}],"version-history":[{"count":1,"href":"http:\/\/www.lentic.ulg.ac.be\/index.php\/wp-json\/wp\/v2\/posts\/300\/revisions"}],"predecessor-version":[{"id":911,"href":"http:\/\/www.lentic.ulg.ac.be\/index.php\/wp-json\/wp\/v2\/posts\/300\/revisions\/911"}],"wp:attachment":[{"href":"http:\/\/www.lentic.ulg.ac.be\/index.php\/wp-json\/wp\/v2\/media?parent=300"}],"wp:term":[{"taxonomy":"category","embeddable":true,"href":"http:\/\/www.lentic.ulg.ac.be\/index.php\/wp-json\/wp\/v2\/categories?post=300"},{"taxonomy":"post_tag","embeddable":true,"href":"http:\/\/www.lentic.ulg.ac.be\/index.php\/wp-json\/wp\/v2\/tags?post=300"}],"curies":[{"name":"wp","href":"https:\/\/api.w.org\/{rel}","templated":true}]}}