{"id":2914,"date":"2020-04-30T14:49:42","date_gmt":"2020-04-30T12:49:42","guid":{"rendered":"http:\/\/www.lentic.ulg.ac.be\/?p=2914"},"modified":"2020-04-30T16:18:24","modified_gmt":"2020-04-30T14:18:24","slug":"28-avril-palimpseste-giseline-rondeaux-sexprime-sur-la-notion-de-teletravail","status":"publish","type":"post","link":"http:\/\/www.lentic.ulg.ac.be\/index.php\/2020\/04\/30\/28-avril-palimpseste-giseline-rondeaux-sexprime-sur-la-notion-de-teletravail\/","title":{"rendered":"28 avril &#8211; \u00ab Palimpseste \u00bb : Giseline Rondeaux s\u2019exprime \u00ab\u00a0Le t\u00e9l\u00e9travail doit \u00eatre pr\u00e9par\u00e9\u00a0\u00bb"},"content":{"rendered":"\n<p class=\"has-text-align-left\">Ce mardi 28 avril, <strong>Giseline Rondeaux<\/strong> est intervenue sur la chaine Vedia, lors de<br>l&rsquo;<strong>\u00e9mission \u00ab\u00a0Palimpseste\u00a0\u00bb<\/strong> co-produite par V\u00e9dia et la Chambre de commerce Li\u00e8ge-Verviers-Namur <!--more--><br><br><\/p>\n\n\n\n<div class=\"wp-block-image\"><figure class=\"alignleft size-large\"><img loading=\"lazy\" decoding=\"async\" width=\"200\" height=\"71\" src=\"http:\/\/www.lentic.ulg.ac.be\/wp-content\/uploads\/2020\/04\/logoVedia.png\" alt=\"\" class=\"wp-image-2917\"\/><\/figure><\/div>\n\n\n\n<p>En collaboration avec la CCI Li\u00e8ge-Verviers-Namur, la t\u00e9l\u00e9vision locale vervi\u00e9toise VEDIA propose d\u00e9sormais, chaque semaine, une rencontre avec un chef d\u2019entreprise qui livre sa vision de la crise. C\u2019est le \u00ab&nbsp;Palimpseste&nbsp;\u00bb de la crise, ou comment effacer sur un parchemin un ancien texte pour en r\u00e9diger un nouveau.<br><\/p>\n\n\n\n<p>Cette \u00e9mission s\u2019interroge sur les lendemains de la crise du Covid-19 dans les entreprises.&nbsp; <\/p>\n\n\n\n<p style=\"color:#f07d00\" class=\"has-text-color\"><br>Quelques-unes des questions abord\u00e9es par Giseline Rondeaux :<\/p>\n\n\n\n<div class=\"wp-block-image\"><figure class=\"alignright size-large is-resized\"><img loading=\"lazy\" decoding=\"async\" src=\"http:\/\/www.lentic.ulg.ac.be\/wp-content\/uploads\/2020\/04\/Teletravail-1024x752.jpg\" alt=\"\" class=\"wp-image-2836\" width=\"189\" height=\"138\" srcset=\"http:\/\/www.lentic.ulg.ac.be\/wp-content\/uploads\/2020\/04\/Teletravail-1024x752.jpg 1024w, http:\/\/www.lentic.ulg.ac.be\/wp-content\/uploads\/2020\/04\/Teletravail-300x220.jpg 300w, http:\/\/www.lentic.ulg.ac.be\/wp-content\/uploads\/2020\/04\/Teletravail-768x564.jpg 768w, http:\/\/www.lentic.ulg.ac.be\/wp-content\/uploads\/2020\/04\/Teletravail.jpg 1500w\" sizes=\"auto, (max-width: 189px) 100vw, 189px\" \/><\/figure><\/div>\n\n\n\n<ul class=\"wp-block-list\"><li>Quelle mise en oeuvre du t\u00e9l\u00e9travail en cette p\u00e9riode de confinement ?<\/li><li> Quelles conditions pour que cette exp\u00e9rience se d\u00e9roule au mieux ?<\/li><li>Quels enjeux soulev\u00e9s au niveau manag\u00e9rial ? GRH ?  organisationnel ?<\/li><li>Quid de l&rsquo;apr\u00e8s-crise et de l&rsquo;int\u00e9gration structurelle du t\u00e9l\u00e9travail  dans les entreprises ?<\/li><\/ul>\n\n\n\n<p> Pour visionner l\u2019\u00e9mission, cliquez <a href=\"https:\/\/www.vedia.be\/www\/video\/info\/economie\/palimpseste-3-giseline-rondeaux-quot-le-tele-travail-doit-etre-prepare-quot-_101790_89.html#\" target=\"_blank\" rel=\"noreferrer noopener\" aria-label=\"ici (opens in a new tab)\">ici<\/a> <\/p>\n","protected":false},"excerpt":{"rendered":"<p>Ce mardi 28 avril, Giseline Rondeaux est intervenue sur la chaine Vedia, lors del&rsquo;\u00e9mission \u00ab\u00a0Palimpseste\u00a0\u00bb co-produite par V\u00e9dia et la Chambre de commerce Li\u00e8ge-Verviers-Namur<\/p>\n","protected":false},"author":2,"featured_media":2917,"comment_status":"closed","ping_status":"closed","sticky":false,"template":"","format":"standard","meta":{"footnotes":""},"categories":[5],"tags":[],"class_list":["post-2914","post","type-post","status-publish","format-standard","has-post-thumbnail","hentry","category-actualites"],"_links":{"self":[{"href":"http:\/\/www.lentic.ulg.ac.be\/index.php\/wp-json\/wp\/v2\/posts\/2914","targetHints":{"allow":["GET"]}}],"collection":[{"href":"http:\/\/www.lentic.ulg.ac.be\/index.php\/wp-json\/wp\/v2\/posts"}],"about":[{"href":"http:\/\/www.lentic.ulg.ac.be\/index.php\/wp-json\/wp\/v2\/types\/post"}],"author":[{"embeddable":true,"href":"http:\/\/www.lentic.ulg.ac.be\/index.php\/wp-json\/wp\/v2\/users\/2"}],"replies":[{"embeddable":true,"href":"http:\/\/www.lentic.ulg.ac.be\/index.php\/wp-json\/wp\/v2\/comments?post=2914"}],"version-history":[{"count":20,"href":"http:\/\/www.lentic.ulg.ac.be\/index.php\/wp-json\/wp\/v2\/posts\/2914\/revisions"}],"predecessor-version":[{"id":2950,"href":"http:\/\/www.lentic.ulg.ac.be\/index.php\/wp-json\/wp\/v2\/posts\/2914\/revisions\/2950"}],"wp:featuredmedia":[{"embeddable":true,"href":"http:\/\/www.lentic.ulg.ac.be\/index.php\/wp-json\/wp\/v2\/media\/2917"}],"wp:attachment":[{"href":"http:\/\/www.lentic.ulg.ac.be\/index.php\/wp-json\/wp\/v2\/media?parent=2914"}],"wp:term":[{"taxonomy":"category","embeddable":true,"href":"http:\/\/www.lentic.ulg.ac.be\/index.php\/wp-json\/wp\/v2\/categories?post=2914"},{"taxonomy":"post_tag","embeddable":true,"href":"http:\/\/www.lentic.ulg.ac.be\/index.php\/wp-json\/wp\/v2\/tags?post=2914"}],"curies":[{"name":"wp","href":"https:\/\/api.w.org\/{rel}","templated":true}]}}