{"id":2727,"date":"2018-03-16T16:30:31","date_gmt":"2018-03-16T15:30:31","guid":{"rendered":"http:\/\/www.lentic.ulg.ac.be\/?p=2727"},"modified":"2022-07-13T16:27:02","modified_gmt":"2022-07-13T14:27:02","slug":"audit-de-la-communication-interne-dune-commune-wallonne-confidentiel-belgique-2020","status":"publish","type":"post","link":"http:\/\/www.lentic.ulg.ac.be\/index.php\/2018\/03\/16\/audit-de-la-communication-interne-dune-commune-wallonne-confidentiel-belgique-2020\/","title":{"rendered":"Audit de la communication interne d&rsquo;une Commune wallonne, Confidentiel, Belgique, 2020"},"content":{"rendered":"\n<p>Le LENTIC a \u00e9t\u00e9 sollicit\u00e9 par cette commune wallonne afin de l\u2019accompagner dans l\u2019analyse de sa communication interne (ascendante, descendante et horizontale).<!--more--> <\/p>\n\n\n\n<p>Le projet pr\u00e9voit une revue documentaire puis l\u2019interview d\u2019une quinzaine de parties prenantes (travailleurs, chefs de services, direction, bourgmestre, \u00e9chevins, etc.). La mission s\u2019ach\u00e8vera par l\u2019\u00e9laboration de recommandations pour la mise en place d\u2019une strat\u00e9gie en la mati\u00e8re.\u00a0 <\/p>\n","protected":false},"excerpt":{"rendered":"<p>Le LENTIC a \u00e9t\u00e9 sollicit\u00e9 par cette commune wallonne afin de l\u2019accompagner dans l\u2019analyse de sa communication interne (ascendante, descendante et horizontale).<\/p>\n","protected":false},"author":2,"featured_media":0,"comment_status":"closed","ping_status":"closed","sticky":false,"template":"","format":"standard","meta":{"footnotes":""},"categories":[2],"tags":[],"class_list":["post-2727","post","type-post","status-publish","format-standard","hentry","category-archives"],"_links":{"self":[{"href":"http:\/\/www.lentic.ulg.ac.be\/index.php\/wp-json\/wp\/v2\/posts\/2727","targetHints":{"allow":["GET"]}}],"collection":[{"href":"http:\/\/www.lentic.ulg.ac.be\/index.php\/wp-json\/wp\/v2\/posts"}],"about":[{"href":"http:\/\/www.lentic.ulg.ac.be\/index.php\/wp-json\/wp\/v2\/types\/post"}],"author":[{"embeddable":true,"href":"http:\/\/www.lentic.ulg.ac.be\/index.php\/wp-json\/wp\/v2\/users\/2"}],"replies":[{"embeddable":true,"href":"http:\/\/www.lentic.ulg.ac.be\/index.php\/wp-json\/wp\/v2\/comments?post=2727"}],"version-history":[{"count":5,"href":"http:\/\/www.lentic.ulg.ac.be\/index.php\/wp-json\/wp\/v2\/posts\/2727\/revisions"}],"predecessor-version":[{"id":2733,"href":"http:\/\/www.lentic.ulg.ac.be\/index.php\/wp-json\/wp\/v2\/posts\/2727\/revisions\/2733"}],"wp:attachment":[{"href":"http:\/\/www.lentic.ulg.ac.be\/index.php\/wp-json\/wp\/v2\/media?parent=2727"}],"wp:term":[{"taxonomy":"category","embeddable":true,"href":"http:\/\/www.lentic.ulg.ac.be\/index.php\/wp-json\/wp\/v2\/categories?post=2727"},{"taxonomy":"post_tag","embeddable":true,"href":"http:\/\/www.lentic.ulg.ac.be\/index.php\/wp-json\/wp\/v2\/tags?post=2727"}],"curies":[{"name":"wp","href":"https:\/\/api.w.org\/{rel}","templated":true}]}}