{"id":2721,"date":"2018-03-16T15:15:54","date_gmt":"2018-03-16T14:15:54","guid":{"rendered":"http:\/\/www.lentic.ulg.ac.be\/?p=2721"},"modified":"2023-08-16T15:41:41","modified_gmt":"2023-08-16T13:41:41","slug":"projet-visant-a-accompagner-une-groupe-de-presse-dans-sa-reflexion-strategique-sur-son-emploi-de-travailleurs-externes-confidentiel-belgique-2019-2020","status":"publish","type":"post","link":"http:\/\/www.lentic.ulg.ac.be\/index.php\/2018\/03\/16\/projet-visant-a-accompagner-une-groupe-de-presse-dans-sa-reflexion-strategique-sur-son-emploi-de-travailleurs-externes-confidentiel-belgique-2019-2020\/","title":{"rendered":"Projet visant \u00e0 accompagner un groupe de presse dans sa r\u00e9flexion strat\u00e9gique sur son emploi de travailleurs externes, Confidentiel, Belgique, 2019-2020"},"content":{"rendered":"","protected":false},"excerpt":{"rendered":"","protected":false},"author":2,"featured_media":0,"comment_status":"closed","ping_status":"closed","sticky":false,"template":"","format":"standard","meta":{"footnotes":""},"categories":[2],"tags":[],"class_list":["post-2721","post","type-post","status-publish","format-standard","hentry","category-archives"],"_links":{"self":[{"href":"http:\/\/www.lentic.ulg.ac.be\/index.php\/wp-json\/wp\/v2\/posts\/2721","targetHints":{"allow":["GET"]}}],"collection":[{"href":"http:\/\/www.lentic.ulg.ac.be\/index.php\/wp-json\/wp\/v2\/posts"}],"about":[{"href":"http:\/\/www.lentic.ulg.ac.be\/index.php\/wp-json\/wp\/v2\/types\/post"}],"author":[{"embeddable":true,"href":"http:\/\/www.lentic.ulg.ac.be\/index.php\/wp-json\/wp\/v2\/users\/2"}],"replies":[{"embeddable":true,"href":"http:\/\/www.lentic.ulg.ac.be\/index.php\/wp-json\/wp\/v2\/comments?post=2721"}],"version-history":[{"count":2,"href":"http:\/\/www.lentic.ulg.ac.be\/index.php\/wp-json\/wp\/v2\/posts\/2721\/revisions"}],"predecessor-version":[{"id":5509,"href":"http:\/\/www.lentic.ulg.ac.be\/index.php\/wp-json\/wp\/v2\/posts\/2721\/revisions\/5509"}],"wp:attachment":[{"href":"http:\/\/www.lentic.ulg.ac.be\/index.php\/wp-json\/wp\/v2\/media?parent=2721"}],"wp:term":[{"taxonomy":"category","embeddable":true,"href":"http:\/\/www.lentic.ulg.ac.be\/index.php\/wp-json\/wp\/v2\/categories?post=2721"},{"taxonomy":"post_tag","embeddable":true,"href":"http:\/\/www.lentic.ulg.ac.be\/index.php\/wp-json\/wp\/v2\/tags?post=2721"}],"curies":[{"name":"wp","href":"https:\/\/api.w.org\/{rel}","templated":true}]}}