{"id":272,"date":"2007-09-21T12:25:44","date_gmt":"2007-09-21T10:25:44","guid":{"rendered":"http:\/\/bee.community\/?p=272"},"modified":"2007-09-21T12:25:44","modified_gmt":"2007-09-21T10:25:44","slug":"accompagnement-des-partenaires-sociaux-sur-le-projet-amedis-amelioration-du-dialogue-social-srwt-societe-regionale-wallonne-du-transport-2007-2011","status":"publish","type":"post","link":"http:\/\/www.lentic.ulg.ac.be\/index.php\/2007\/09\/21\/accompagnement-des-partenaires-sociaux-sur-le-projet-amedis-amelioration-du-dialogue-social-srwt-societe-regionale-wallonne-du-transport-2007-2011\/","title":{"rendered":"Accompagnement des partenaires sociaux sur le projet \u00ab Am\u00e9dis \u2013 Am\u00e9lioration du dialogue social \u00bb, SRWT \u2013 Soci\u00e9t\u00e9 R\u00e9gionale Wallonne du Transport, 2007-2011"},"content":{"rendered":"","protected":false},"excerpt":{"rendered":"","protected":false},"author":1,"featured_media":0,"comment_status":"closed","ping_status":"closed","sticky":false,"template":"","format":"standard","meta":{"footnotes":""},"categories":[2],"tags":[],"class_list":["post-272","post","type-post","status-publish","format-standard","hentry","category-archives"],"_links":{"self":[{"href":"http:\/\/www.lentic.ulg.ac.be\/index.php\/wp-json\/wp\/v2\/posts\/272","targetHints":{"allow":["GET"]}}],"collection":[{"href":"http:\/\/www.lentic.ulg.ac.be\/index.php\/wp-json\/wp\/v2\/posts"}],"about":[{"href":"http:\/\/www.lentic.ulg.ac.be\/index.php\/wp-json\/wp\/v2\/types\/post"}],"author":[{"embeddable":true,"href":"http:\/\/www.lentic.ulg.ac.be\/index.php\/wp-json\/wp\/v2\/users\/1"}],"replies":[{"embeddable":true,"href":"http:\/\/www.lentic.ulg.ac.be\/index.php\/wp-json\/wp\/v2\/comments?post=272"}],"version-history":[{"count":0,"href":"http:\/\/www.lentic.ulg.ac.be\/index.php\/wp-json\/wp\/v2\/posts\/272\/revisions"}],"wp:attachment":[{"href":"http:\/\/www.lentic.ulg.ac.be\/index.php\/wp-json\/wp\/v2\/media?parent=272"}],"wp:term":[{"taxonomy":"category","embeddable":true,"href":"http:\/\/www.lentic.ulg.ac.be\/index.php\/wp-json\/wp\/v2\/categories?post=272"},{"taxonomy":"post_tag","embeddable":true,"href":"http:\/\/www.lentic.ulg.ac.be\/index.php\/wp-json\/wp\/v2\/tags?post=272"}],"curies":[{"name":"wp","href":"https:\/\/api.w.org\/{rel}","templated":true}]}}