{"id":260,"date":"2008-09-21T12:23:12","date_gmt":"2008-09-21T10:23:12","guid":{"rendered":"http:\/\/bee.community\/?p=260"},"modified":"2008-09-21T12:23:12","modified_gmt":"2008-09-21T10:23:12","slug":"appui-methodologique-a-la-definition-des-fonctions-manageriales-centre-hospitalier-regional-de-liege-chr-liege-belgique-2008-2009","status":"publish","type":"post","link":"http:\/\/www.lentic.ulg.ac.be\/index.php\/2008\/09\/21\/appui-methodologique-a-la-definition-des-fonctions-manageriales-centre-hospitalier-regional-de-liege-chr-liege-belgique-2008-2009\/","title":{"rendered":"Appui m\u00e9thodologique \u00e0 la d\u00e9finition des fonctions manag\u00e9riales, Centre Hospitalier R\u00e9gional de Li\u00e8ge (CHR Li\u00e8ge), Belgique, 2008-2009"},"content":{"rendered":"","protected":false},"excerpt":{"rendered":"","protected":false},"author":1,"featured_media":0,"comment_status":"closed","ping_status":"closed","sticky":false,"template":"","format":"standard","meta":{"footnotes":""},"categories":[2],"tags":[],"class_list":["post-260","post","type-post","status-publish","format-standard","hentry","category-archives"],"_links":{"self":[{"href":"http:\/\/www.lentic.ulg.ac.be\/index.php\/wp-json\/wp\/v2\/posts\/260","targetHints":{"allow":["GET"]}}],"collection":[{"href":"http:\/\/www.lentic.ulg.ac.be\/index.php\/wp-json\/wp\/v2\/posts"}],"about":[{"href":"http:\/\/www.lentic.ulg.ac.be\/index.php\/wp-json\/wp\/v2\/types\/post"}],"author":[{"embeddable":true,"href":"http:\/\/www.lentic.ulg.ac.be\/index.php\/wp-json\/wp\/v2\/users\/1"}],"replies":[{"embeddable":true,"href":"http:\/\/www.lentic.ulg.ac.be\/index.php\/wp-json\/wp\/v2\/comments?post=260"}],"version-history":[{"count":0,"href":"http:\/\/www.lentic.ulg.ac.be\/index.php\/wp-json\/wp\/v2\/posts\/260\/revisions"}],"wp:attachment":[{"href":"http:\/\/www.lentic.ulg.ac.be\/index.php\/wp-json\/wp\/v2\/media?parent=260"}],"wp:term":[{"taxonomy":"category","embeddable":true,"href":"http:\/\/www.lentic.ulg.ac.be\/index.php\/wp-json\/wp\/v2\/categories?post=260"},{"taxonomy":"post_tag","embeddable":true,"href":"http:\/\/www.lentic.ulg.ac.be\/index.php\/wp-json\/wp\/v2\/tags?post=260"}],"curies":[{"name":"wp","href":"https:\/\/api.w.org\/{rel}","templated":true}]}}