{"id":258,"date":"2008-09-21T12:22:42","date_gmt":"2008-09-21T10:22:42","guid":{"rendered":"http:\/\/bee.community\/?p=258"},"modified":"2008-09-21T12:22:42","modified_gmt":"2008-09-21T10:22:42","slug":"accompagnement-de-la-reflexion-et-de-la-structuration-de-la-vision-strategique-du-centre-hospitalier-regional-de-namur-belgique-2008-2009","status":"publish","type":"post","link":"http:\/\/www.lentic.ulg.ac.be\/index.php\/2008\/09\/21\/accompagnement-de-la-reflexion-et-de-la-structuration-de-la-vision-strategique-du-centre-hospitalier-regional-de-namur-belgique-2008-2009\/","title":{"rendered":"Accompagnement de la r\u00e9flexion et de la structuration de la vision strat\u00e9gique du Centre Hospitalier R\u00e9gional de Namur, Belgique, 2008-2009"},"content":{"rendered":"","protected":false},"excerpt":{"rendered":"","protected":false},"author":1,"featured_media":0,"comment_status":"closed","ping_status":"closed","sticky":false,"template":"","format":"standard","meta":{"footnotes":""},"categories":[2],"tags":[],"class_list":["post-258","post","type-post","status-publish","format-standard","hentry","category-archives"],"_links":{"self":[{"href":"http:\/\/www.lentic.ulg.ac.be\/index.php\/wp-json\/wp\/v2\/posts\/258","targetHints":{"allow":["GET"]}}],"collection":[{"href":"http:\/\/www.lentic.ulg.ac.be\/index.php\/wp-json\/wp\/v2\/posts"}],"about":[{"href":"http:\/\/www.lentic.ulg.ac.be\/index.php\/wp-json\/wp\/v2\/types\/post"}],"author":[{"embeddable":true,"href":"http:\/\/www.lentic.ulg.ac.be\/index.php\/wp-json\/wp\/v2\/users\/1"}],"replies":[{"embeddable":true,"href":"http:\/\/www.lentic.ulg.ac.be\/index.php\/wp-json\/wp\/v2\/comments?post=258"}],"version-history":[{"count":0,"href":"http:\/\/www.lentic.ulg.ac.be\/index.php\/wp-json\/wp\/v2\/posts\/258\/revisions"}],"wp:attachment":[{"href":"http:\/\/www.lentic.ulg.ac.be\/index.php\/wp-json\/wp\/v2\/media?parent=258"}],"wp:term":[{"taxonomy":"category","embeddable":true,"href":"http:\/\/www.lentic.ulg.ac.be\/index.php\/wp-json\/wp\/v2\/categories?post=258"},{"taxonomy":"post_tag","embeddable":true,"href":"http:\/\/www.lentic.ulg.ac.be\/index.php\/wp-json\/wp\/v2\/tags?post=258"}],"curies":[{"name":"wp","href":"https:\/\/api.w.org\/{rel}","templated":true}]}}