{"id":1549,"date":"2018-02-10T10:13:49","date_gmt":"2018-02-10T09:13:49","guid":{"rendered":"http:\/\/www.lentic.ulg.ac.be\/?p=1549"},"modified":"2021-03-08T11:35:42","modified_gmt":"2021-03-08T10:35:42","slug":"quelle-forme-de-dialogue-social-pour-les-travailleurs-autonomes-chaire-dialogue-social-et-competitivite-des-entreprises-ecole-superieure-de-commerce-de-paris-escp-europe-2018-2019","status":"publish","type":"post","link":"http:\/\/www.lentic.ulg.ac.be\/index.php\/2018\/02\/10\/quelle-forme-de-dialogue-social-pour-les-travailleurs-autonomes-chaire-dialogue-social-et-competitivite-des-entreprises-ecole-superieure-de-commerce-de-paris-escp-europe-2018-2019\/","title":{"rendered":"Quelle forme de dialogue social pour les travailleurs autonomes ?  Chaire Dialogue social et comp\u00e9titivit\u00e9 des entreprises, \u00c9cole sup\u00e9rieure de commerce de Paris (ESCP Europe), 2018-2019"},"content":{"rendered":"\n<div class=\"wp-block-image\"><figure class=\"alignleft is-resized\"><img loading=\"lazy\" decoding=\"async\" src=\"http:\/\/www.lentic.ulg.ac.be\/wp-content\/uploads\/2018\/02\/ESCP_Logo.png\" alt=\"\" class=\"wp-image-1942\" width=\"159\" height=\"60\"\/><\/figure><\/div>\n\n\n\n<p>Recherche permettant de mieux comprendre comment des formes plus inclusives de dialogue social peuvent \u00eatre d\u00e9velopp\u00e9es pour s\u00e9curiser les parcours professionnels des travailleurs autonomes, en rencontrant leurs besoins \u00e0 la fois en termes de s\u00e9curit\u00e9, de capital humain et de trajectoire professionnelle.<\/p>\n\n\n\n<p><!--more-->Seront explor\u00e9es et compar\u00e9es trois fa\u00e7ons de renouveler le dialogue social \u00e0 travers la r\u00e9alisation de neuf \u00e9tudes de cas en France, en Belgique et aux Pays-Bas. La structuration du march\u00e9 du travail (et l&rsquo;innovation institutionnelle susceptible d&rsquo;y \u00eatre d\u00e9velopp\u00e9e) et les dimensions politiques et strat\u00e9giques des nouveaux modes de dialogue social seront analys\u00e9s dans chacun des pays.<\/p>\n","protected":false},"excerpt":{"rendered":"<p>Recherche permettant de mieux comprendre comment des formes plus inclusives de dialogue social peuvent \u00eatre d\u00e9velopp\u00e9es pour s\u00e9curiser les parcours professionnels des travailleurs autonomes, en rencontrant leurs besoins \u00e0 la fois en termes de s\u00e9curit\u00e9, de capital humain et de trajectoire professionnelle.<\/p>\n","protected":false},"author":2,"featured_media":0,"comment_status":"closed","ping_status":"closed","sticky":false,"template":"","format":"standard","meta":{"footnotes":""},"categories":[2],"tags":[],"class_list":["post-1549","post","type-post","status-publish","format-standard","hentry","category-archives"],"_links":{"self":[{"href":"http:\/\/www.lentic.ulg.ac.be\/index.php\/wp-json\/wp\/v2\/posts\/1549","targetHints":{"allow":["GET"]}}],"collection":[{"href":"http:\/\/www.lentic.ulg.ac.be\/index.php\/wp-json\/wp\/v2\/posts"}],"about":[{"href":"http:\/\/www.lentic.ulg.ac.be\/index.php\/wp-json\/wp\/v2\/types\/post"}],"author":[{"embeddable":true,"href":"http:\/\/www.lentic.ulg.ac.be\/index.php\/wp-json\/wp\/v2\/users\/2"}],"replies":[{"embeddable":true,"href":"http:\/\/www.lentic.ulg.ac.be\/index.php\/wp-json\/wp\/v2\/comments?post=1549"}],"version-history":[{"count":6,"href":"http:\/\/www.lentic.ulg.ac.be\/index.php\/wp-json\/wp\/v2\/posts\/1549\/revisions"}],"predecessor-version":[{"id":1945,"href":"http:\/\/www.lentic.ulg.ac.be\/index.php\/wp-json\/wp\/v2\/posts\/1549\/revisions\/1945"}],"wp:attachment":[{"href":"http:\/\/www.lentic.ulg.ac.be\/index.php\/wp-json\/wp\/v2\/media?parent=1549"}],"wp:term":[{"taxonomy":"category","embeddable":true,"href":"http:\/\/www.lentic.ulg.ac.be\/index.php\/wp-json\/wp\/v2\/categories?post=1549"},{"taxonomy":"post_tag","embeddable":true,"href":"http:\/\/www.lentic.ulg.ac.be\/index.php\/wp-json\/wp\/v2\/tags?post=1549"}],"curies":[{"name":"wp","href":"https:\/\/api.w.org\/{rel}","templated":true}]}}